{"id":122138,"date":"2021-07-22T11:15:10","date_gmt":"2021-07-22T15:15:10","guid":{"rendered":"https:\/\/linitiative.ca\/International\/force-barkhane-au-sahel-le-general-marc-conruyt-fait-ses-adieux-au-president-du-faso\/"},"modified":"2021-07-22T11:15:10","modified_gmt":"2021-07-22T15:15:10","slug":"force-barkhane-au-sahel-le-general-marc-conruyt-fait-ses-adieux-au-president-du-faso","status":"publish","type":"post","link":"https:\/\/linitiative.ca\/International\/force-barkhane-au-sahel-le-general-marc-conruyt-fait-ses-adieux-au-president-du-faso\/","title":{"rendered":"Force Barkhane au Sahel: Le g\u00e9n\u00e9ral Marc Conruyt fait ses adieux au pr\u00e9sident du Faso"},"content":{"rendered":"<div>\n<p><strong>Le commandant de la Force Barkhane, le g\u00e9n\u00e9ral Marc Conruyt, est en fin de mission. Il est all\u00e9 faire ses adieux au Pr\u00e9sident du Faso le mercredi 21 juillet 2021 \u00e0 Kosyam.<\/strong><\/p>\n<p>Le commandant de la Force Barkhane, le g\u00e9n\u00e9ral Marc Conruyt, termine son mandat dans une semaine. Le mercredi 21 juillet 2021, il est all\u00e9 dire au revoir au chef de l\u2019Etat, Roch Marc Christian Kabor\u00e9, \u00e0 Ouagadougou. A sa sortie d\u2019audience, le g\u00e9n\u00e9ral fran\u00e7ais a indiqu\u00e9 qu\u2019il a toujours \u00e9t\u00e9 re\u00e7u en audience par le Pr\u00e9sident du Faso avec beaucoup d\u2019amiti\u00e9 et de sympathie. Il a aussi relev\u00e9 que durant sa mission, il a pu partager \u00ab\u00a0<em>beaucoup de choses<\/em>\u00a0\u00bb sur la situation s\u00e9curitaire au Sahel. De ce fait, a-t-il expliqu\u00e9, il \u00e9tait normal qu\u2019il vienne dire au revoir au pr\u00e9sident du Faso et lui faire le compte-rendu de la fin de sa mission. <em>\u00ab\u00a0Il a exist\u00e9 de grandes coop\u00e9rations entre la Force Barkhane et les Forces arm\u00e9es burkinab\u00e8. Pendant toute cette ann\u00e9e, nous avons men\u00e9 beaucoup d\u2019op\u00e9rations en commun\u00a0\u00bb,<\/em> s\u2019est r\u00e9joui le g\u00e9n\u00e9ral Conruyt.\u00a0 De son avis, la plupart des op\u00e9rations Barkhane ont \u00e9t\u00e9 men\u00e9es dans le cadre de l\u2019accompagnement aux combats. <em>\u00ab\u00a0Les op\u00e9rations \u00e9taient conduites par les unit\u00e9s barkhane et celle de la Force conjointe du G5 Sahel, compos\u00e9e de Maliens, de Nig\u00e9riens, de Burkinab\u00e8 et de Tchadiens\u00a0\u00bb,<\/em> a-t-il pr\u00e9cis\u00e9. Le g\u00e9n\u00e9ral Marc Conruyt a par ailleurs soutenu avoir \u00e9t\u00e9 t\u00e9moin des exp\u00e9riences qui montrent la forte int\u00e9gration entre la force Barkhane et celle du G5 Sahel. Pour lui, cette collaboration a permis d\u2019obtenir des r\u00e9sultats importants sur les adversaires. Le commandant de Barkhane a en outre relev\u00e9 que ces 12 derniers mois, les forces arm\u00e9es du Sahel continuent de monter en gamme. <em>\u00ab\u00a0Elles sont aujourd\u2019hui capables de s\u2019opposer et de porter des coups aux groupes terroristes\u00a0\u00bb, <\/em>a-t-il confi\u00e9. Toutefois, il a soulign\u00e9 la n\u00e9cessit\u00e9 que le successeur de Barkhane, la Task force Takuba, continue \u00e0 accompagner les forces arm\u00e9es sah\u00e9liennes dans cette perspective.<\/p>\n<p><strong>Abdoulaye BALBONE<\/strong><\/p>\n<p>L\u2019article <a rel=\"nofollow\" href=\"https:\/\/www.sidwaya.info\/blog\/2021\/07\/22\/force-barkhane-au-sahel-le-general-marc-conruyt-fait-ses-adieux-au-president-du-faso\/\">Force Barkhane au Sahel: Le g\u00e9n\u00e9ral Marc Conruyt fait ses adieux au pr\u00e9sident du Faso<\/a> est apparu en premier sur <a rel=\"nofollow\" href=\"https:\/\/www.sidwaya.info\/\">Quotidien Sidwaya<\/a>.<\/p>\n<\/div>\n<p>Auteur: BS. Sidwaya<br \/>\n<a href=\"https:\/\/www.sidwaya.info\/blog\/2021\/07\/22\/force-barkhane-au-sahel-le-general-marc-conruyt-fait-ses-adieux-au-president-du-faso\/\">Cliquez ici pour lire l&rsquo;article depuis sa source.<\/a><\/p>\n","protected":false},"excerpt":{"rendered":"<p>Le commandant de la Force Barkhane, le g\u00e9n\u00e9ral Marc Conruyt, est en fin de mission. Il est all\u00e9 faire ses adieux au Pr\u00e9sident du Faso le mercredi 21 juillet 2021 \u00e0 Kosyam. Le commandant de la Force Barkhane, le g\u00e9n\u00e9ral Marc Conruyt, termine son mandat dans une semaine. Le mercredi 21 juillet 2021, il est [&hellip;]<\/p>\n","protected":false},"author":1816,"featured_media":0,"comment_status":"closed","ping_status":"closed","sticky":false,"template":"","format":"standard","meta":{"fifu_image_url":"","fifu_image_alt":"","footnotes":""},"categories":[73,81],"tags":[],"class_list":["post-122138","post","type-post","status-publish","format-standard","hentry","category-actualite","category-burkina-faso"],"_links":{"self":[{"href":"https:\/\/linitiative.ca\/International\/wp-json\/wp\/v2\/posts\/122138","targetHints":{"allow":["GET"]}}],"collection":[{"href":"https:\/\/linitiative.ca\/International\/wp-json\/wp\/v2\/posts"}],"about":[{"href":"https:\/\/linitiative.ca\/International\/wp-json\/wp\/v2\/types\/post"}],"author":[{"embeddable":true,"href":"https:\/\/linitiative.ca\/International\/wp-json\/wp\/v2\/users\/1816"}],"replies":[{"embeddable":true,"href":"https:\/\/linitiative.ca\/International\/wp-json\/wp\/v2\/comments?post=122138"}],"version-history":[{"count":0,"href":"https:\/\/linitiative.ca\/International\/wp-json\/wp\/v2\/posts\/122138\/revisions"}],"wp:attachment":[{"href":"https:\/\/linitiative.ca\/International\/wp-json\/wp\/v2\/media?parent=122138"}],"wp:term":[{"taxonomy":"category","embeddable":true,"href":"https:\/\/linitiative.ca\/International\/wp-json\/wp\/v2\/categories?post=122138"},{"taxonomy":"post_tag","embeddable":true,"href":"https:\/\/linitiative.ca\/International\/wp-json\/wp\/v2\/tags?post=122138"}],"curies":[{"name":"wp","href":"https:\/\/api.w.org\/{rel}","templated":true}]}}