{"id":122139,"date":"2021-07-22T11:22:58","date_gmt":"2021-07-22T15:22:58","guid":{"rendered":"https:\/\/linitiative.ca\/International\/universite-libre-du-burkina-les-etudiants-se-penchent-sur-les-conflits-climatiques\/"},"modified":"2021-07-22T11:22:58","modified_gmt":"2021-07-22T15:22:58","slug":"universite-libre-du-burkina-les-etudiants-se-penchent-sur-les-conflits-climatiques","status":"publish","type":"post","link":"https:\/\/linitiative.ca\/International\/universite-libre-du-burkina-les-etudiants-se-penchent-sur-les-conflits-climatiques\/","title":{"rendered":"Universit\u00e9 libre du Burkina\u00a0: Les \u00e9tudiants se penchent sur les conflits climatiques  \u00a0"},"content":{"rendered":"<div>\n<p><strong>Les \u00e9tudiants en master II en diplomatie et relations internationales de l\u2019Universit\u00e9 libre du Burkina (ULB) ont organis\u00e9 le samedi 17 juillet 2021 \u00e0 Ouagadougou, une conf\u00e9rence publique sur les conflits climatiques en Afrique.<\/strong><\/p>\n<p>Apr\u00e8s le cours en diplomatie climatique, les \u00e9tudiants de la 19<sup>e <\/sup>promotion en master II en diplomatie et relations internationales de l\u2019Universit\u00e9 libre du Burkina (ULB) se sont soumis \u00e0 l\u2019examen de leurs connaissances en la mati\u00e8re. Pour ce faire, ils ont organis\u00e9 une conf\u00e9rence publique qui a r\u00e9uni le samedi 17 juillet 2021 au tour du th\u00e8me\u00a0: \u00ab\u00a0<em>Conflits climatiques en Afrique<\/em>\u00a0\u00bb, encadreurs, \u00e9tudiants, mais \u00e9galement des personnalit\u00e9s en charge de la question au Burkina Faso.<\/p>\n<p>Selon la d\u00e9l\u00e9gu\u00e9e des \u00e9tudiants, Sylvain Dalla, il s\u2019agit \u00e0 travers cette \u00e9valuation de discuter de la question climatique, de prendre des r\u00e9solutions et de les vulgariser aupr\u00e8s de tous les acteurs du domaine de la lutte contre les changements climatiques. <em>\u00ab\u00a0La question climatique est r\u00e9currente de nos jours. <\/em><\/p>\n<figure id=\"attachment_37806\" aria-describedby=\"caption-attachment-37806\" style=\"width: 497px\" class=\"wp-caption alignnone\"><img decoding=\"async\" loading=\"lazy\" class=\" wp-image-37806\" src=\"https:\/\/linitiative.ca\/International\/wp-content\/uploads\/sites\/23\/2021\/07\/2-2-300x225-1.jpeg\" alt=\"\" width=\"497\" height=\"373\" srcset=\"https:\/\/linitiative.ca\/International\/wp-content\/uploads\/sites\/23\/2021\/07\/2-2-300x225-1.jpeg 300w, https:\/\/www.sidwaya.info\/wp-content\/uploads\/2021\/07\/2-2-1024x768.jpeg 1024w, https:\/\/www.sidwaya.info\/wp-content\/uploads\/2021\/07\/2-2-768x576.jpeg 768w, https:\/\/www.sidwaya.info\/wp-content\/uploads\/2021\/07\/2-2-150x113.jpeg 150w, https:\/\/www.sidwaya.info\/wp-content\/uploads\/2021\/07\/2-2-696x522.jpeg 696w, https:\/\/www.sidwaya.info\/wp-content\/uploads\/2021\/07\/2-2-560x420.jpeg 560w, https:\/\/www.sidwaya.info\/wp-content\/uploads\/2021\/07\/2-2-80x60.jpeg 80w, https:\/\/www.sidwaya.info\/wp-content\/uploads\/2021\/07\/2-2-265x198.jpeg 265w, https:\/\/www.sidwaya.info\/wp-content\/uploads\/2021\/07\/2-2.jpeg 1040w\" sizes=\"auto, (max-width: 497px) 100vw, 497px\"><figcaption id=\"caption-attachment-37806\" class=\"wp-caption-text\">Les \u00e9tudiants ont \u00e9t\u00e9 encourag\u00e9s dans leur d\u00e9marche par l\u2019ULB.<\/figcaption><\/figure>\n<p><em>C\u2019est vrai qu\u2019il la COVID-19, mais nous ne devons pas oublier les questions de s\u00e8cheresse, d\u2019inondation, de feux de brousse\u2026 qui pr\u00e9occupent \u00e9galement nos Etats. C\u2019est pourquoi nous avons d\u00e9cid\u00e9 \u00e0 travers cette conf\u00e9rence que chacun apporte sa contribution afin que nous puissions la partager avec les autres\u00a0\u00bb, <\/em>a-t-il d\u00e9clar\u00e9<em>. <\/em><\/p>\n<p>Pour qu\u2019il y ait plus d\u2019impacts, la classe a \u00e9t\u00e9 subdivis\u00e9e en cinq sous-r\u00e9gions \u00e0 savoir\u00a0: la CEDEAO, la CAC, l\u2019IGAD, la SADEC et l\u2019UMA. <em>\u00ab\u00a0Ces cinq sous-r\u00e9gions vont proposer des r\u00e9solutions que nous allons consigner dans un document et le transmettre au minist\u00e8re de l\u2019Environnement\u00a0\u00bb<\/em>, a pr\u00e9cis\u00e9 M. Dalla. Parrain de cette premi\u00e8re \u00e9dition, Z\u00e9phirin Yalguedo Yogo, a justifi\u00e9 sa pr\u00e9sence \u00e0 cette conf\u00e9rence pour deux raisons. D\u2019abord en r\u00e9ponse \u00e0 l\u2019appel de ses petits fr\u00e8res, mais aussi, par la pertinence de th\u00e8me.<\/p>\n<p>Il a salu\u00e9 la clairvoyance des \u00e9tudiants qui, en d\u00e9pit des d\u00e9fis du moment, ont bien voulu se pencher sur la question des changements climatiques. M. Yogo dit fonder l\u2019espoir que de ces r\u00e9flexions, sortiront\u00a0 des r\u00e9solutions qui vont f\u00e9conder les politiques publiques dans les \u00e9tats.<\/p>\n<p><strong>Donald Wendpouir\u00e9 NIKIEMA<\/strong><\/p>\n<p><a href=\"mailto:tousunis.do@gmail.com\"><strong>tousunis.do@gmail.com<\/strong><\/a><\/p>\n<p>L\u2019article <a rel=\"nofollow\" href=\"https:\/\/www.sidwaya.info\/blog\/2021\/07\/22\/universite-libre-du-burkina-les-etudiants-se-penchent-sur-les-conflits-climatiques\/\">Universit\u00e9 libre du Burkina\u00a0: Les \u00e9tudiants se penchent sur les conflits climatiques  \u00a0<\/a> est apparu en premier sur <a rel=\"nofollow\" href=\"https:\/\/www.sidwaya.info\/\">Quotidien Sidwaya<\/a>.<\/p>\n<\/div>\n<p>Auteur: Wamini SIDWAYA<br \/>\n<a href=\"https:\/\/www.sidwaya.info\/blog\/2021\/07\/22\/universite-libre-du-burkina-les-etudiants-se-penchent-sur-les-conflits-climatiques\/\">Cliquez ici pour lire l&rsquo;article depuis sa source.<\/a><\/p>\n","protected":false},"excerpt":{"rendered":"<p>Les \u00e9tudiants en master II en diplomatie et relations internationales de l\u2019Universit\u00e9 libre du Burkina (ULB) ont organis\u00e9 le samedi 17 juillet 2021 \u00e0 Ouagadougou, une conf\u00e9rence publique sur les conflits climatiques en Afrique. Apr\u00e8s le cours en diplomatie climatique, les \u00e9tudiants de la 19e promotion en master II en diplomatie et relations internationales de [&hellip;]<\/p>\n","protected":false},"author":1816,"featured_media":0,"comment_status":"closed","ping_status":"closed","sticky":false,"template":"","format":"standard","meta":{"fifu_image_url":"https:\/\/www.sidwaya.info\/wp-content\/uploads\/2021\/07\/2-2-300x225.jpeg","fifu_image_alt":"Universit\u00e9 libre du Burkina\u00a0: Les \u00e9tudiants se penchent sur les conflits climatiques  \u00a0","footnotes":""},"categories":[73,81],"tags":[],"class_list":["post-122139","post","type-post","status-publish","format-standard","hentry","category-actualite","category-burkina-faso"],"_links":{"self":[{"href":"https:\/\/linitiative.ca\/International\/wp-json\/wp\/v2\/posts\/122139","targetHints":{"allow":["GET"]}}],"collection":[{"href":"https:\/\/linitiative.ca\/International\/wp-json\/wp\/v2\/posts"}],"about":[{"href":"https:\/\/linitiative.ca\/International\/wp-json\/wp\/v2\/types\/post"}],"author":[{"embeddable":true,"href":"https:\/\/linitiative.ca\/International\/wp-json\/wp\/v2\/users\/1816"}],"replies":[{"embeddable":true,"href":"https:\/\/linitiative.ca\/International\/wp-json\/wp\/v2\/comments?post=122139"}],"version-history":[{"count":0,"href":"https:\/\/linitiative.ca\/International\/wp-json\/wp\/v2\/posts\/122139\/revisions"}],"wp:attachment":[{"href":"https:\/\/linitiative.ca\/International\/wp-json\/wp\/v2\/media?parent=122139"}],"wp:term":[{"taxonomy":"category","embeddable":true,"href":"https:\/\/linitiative.ca\/International\/wp-json\/wp\/v2\/categories?post=122139"},{"taxonomy":"post_tag","embeddable":true,"href":"https:\/\/linitiative.ca\/International\/wp-json\/wp\/v2\/tags?post=122139"}],"curies":[{"name":"wp","href":"https:\/\/api.w.org\/{rel}","templated":true}]}}