{"id":122141,"date":"2021-07-22T11:29:01","date_gmt":"2021-07-22T15:29:01","guid":{"rendered":"https:\/\/linitiative.ca\/International\/gestion-des-terres-le-conseil-economique-et-social-propose-une-autorite-de-regulation-fonciere\/"},"modified":"2021-07-22T11:29:01","modified_gmt":"2021-07-22T15:29:01","slug":"gestion-des-terres-le-conseil-economique-et-social-propose-une-autorite-de-regulation-fonciere","status":"publish","type":"post","link":"https:\/\/linitiative.ca\/International\/gestion-des-terres-le-conseil-economique-et-social-propose-une-autorite-de-regulation-fonciere\/","title":{"rendered":"Gestion des terres\u00a0: Le Conseil \u00e9conomique et social propose une autorit\u00e9 de r\u00e9gulation fonci\u00e8re"},"content":{"rendered":"<div>\n<p><strong>Le Conseil \u00e9conomique et social (CES) a organis\u00e9, le lundi 19 juillet 2021 \u00e0 Ouagadougou, la c\u00e9r\u00e9monie de cl\u00f4ture de sa premi\u00e8re session ordinaire de ann\u00e9e, t\u00e9nue du 22 juin au 19 juillet dernier. <\/strong><\/p>\n<p>La premi\u00e8re session ordinaire de l\u2019ann\u00e9e du Conseil \u00e9conomique et social (CES) plac\u00e9e sous le th\u00e8me\u00a0: \u00ab\u00a0<em>La probl\u00e9matique de la gestion actuelle des terres au Burkina Faso\u00a0: Quelles solutions pour un d\u00e9veloppement durable<\/em>\u00a0?\u00bb, s\u2019est achev\u00e9e, le lundi 19 juillet 2021 \u00e0 Ouagadougou. A en croire la rapporteuse g\u00e9n\u00e9rale, Pauline Yam\u00e9ogo, les travaux ont consist\u00e9 \u00e0 livrer des communications afin de permettre aux participants d\u2019\u00eatre \u00e9clair\u00e9s sur la probl\u00e9matique de la gestion actuelle des terres au Burkina Faso. Il s\u2019est aussi agi, de mener des r\u00e9flexions autour des points suivants\u00a0: \u00ab\u00a0<em>La terre comme bien collectif au service du d\u00e9veloppement, la r\u00e9duction de la sp\u00e9culation fonci\u00e8re, la r\u00e9forme du cadre juridique et institutionnel sur le foncier<\/em>\u00a0\u00bb, \u00ab\u00a0l\u2019instauration d\u2019une gouvernance vertueuse du foncier\u00a0\u00bb, \u00ab\u00a0<em>le renforcement des capacit\u00e9s des collectivit\u00e9s territoriales\u00a0\u00bb<\/em>. Les conseillers ont fait des recommandations afin de surmonter des d\u00e9fis et d\u2019arriver \u00e0 une gestion \u00ab\u00a0<em>efficace et efficiente<\/em>\u00a0\u00bb des terres. Les textes r\u00e9gissant la gestion du foncier, malgr\u00e9 leurs insuffisances, contribuent \u00e0 assainir le secteur. \u00ab <em>Cependant, les difficult\u00e9s d\u00e9coulent de la non application de ces textes, de leur contournement et de l\u2019incivisme foncier<\/em>\u00a0\u00bb, a soutenu Pauline Yam\u00e9ogo. A l\u2019entendre, la gouvernance \u00ab\u00a0<em>d\u00e9fectueuse<\/em>\u00a0\u00bb du foncier entraine une d\u00e9pravation et une \u00e9mergence des conflits sociaux.\u00a0 La d\u00e9pravation, a-t-elle soulign\u00e9, r\u00e9sulte \u00ab\u00a0<em>d\u2019une part de l\u2019exploitation mini\u00e8re qui a de nombreux impacts sur l\u2019environnement et d\u2019autre part d\u2019un ph\u00e9nom\u00e8ne qui est le bradage des terres<\/em>\u00a0\u00bb. En ce qui concerne la sp\u00e9culation fonci\u00e8re, les conseillers ont soulign\u00e9 qu\u2019elle entraine de nombreuses cons\u00e9quences pour les populations. Ils ont fait cas des conflits fonciers, de la persistance de la vuln\u00e9rabilit\u00e9 des populations, de l\u2019aggravation de la pauvret\u00e9.<\/p>\n<p><strong>Relever les d\u00e9fis<\/strong><\/p>\n<p>Les conseillers ont \u00e9galement analys\u00e9 les d\u00e9fis qu\u2019il convient de relever afin d\u2019am\u00e9liorer la gestion actuelle des terres pour un d\u00e9veloppement durable.\u00a0 Pour le pr\u00e9sident du CES, Mo\u00efse Napon, dont le message a \u00e9t\u00e9 livr\u00e9 par sa premi\u00e8re vice-pr\u00e9sidente, Fatimata Legma, la gestion actuelle des terres au Burkina Faso\u00a0n\u2019est pas du tout reluisante. \u00ab <em>Si nous continuons dans cette dynamique, les g\u00e9n\u00e9rations futures seront sacrifi\u00e9es et nous serons tous responsables<\/em>\u00bb, a\u2013t-il soutenu. A l\u2019en croire, l\u2019insuffisance et la non application des textes, la faiblesse de l\u2019autorit\u00e9 de l\u2019Etat ainsi que l\u2019incivisme de certains acteurs constituent entre autres des d\u00e9fis. A cet effet, des recommandations ont \u00e9t\u00e9 \u00e9mises. Les conseillers ont plaid\u00e9 pour la mise en place d\u2019une autorit\u00e9 de r\u00e9gulation en mati\u00e8re de gestion du foncier et de l\u2019immobilier compos\u00e9e de tous les acteurs ayant un ancrage institutionnel ad\u00e9quat. Ils ont, en outre, recommand\u00e9 l\u2019institution d\u2019une taxe dissuasive sur les superficies non exploit\u00e9es en zone rurale depuis plus de 5 ans dans le cadre de l\u2019agro business. La r\u00e9vision de la loi N\u00b0057-2008\/AN du 20 Novembre 2008 portant promotion immobili\u00e8re au Burkina Faso a \u00e9t\u00e9 aussi \u00e9voqu\u00e9e.<\/p>\n<p><strong>Wahabou OUBDA<\/strong><\/p>\n<p>(Stagiaire)<\/p>\n<p>\u00a0<\/p>\n<p>L\u2019article <a rel=\"nofollow\" href=\"https:\/\/www.sidwaya.info\/blog\/2021\/07\/22\/gestion-des-terres-le-conseil-economique-et-social-propose-une-autorite-de-regulation-fonciere\/\">Gestion des terres\u00a0: Le Conseil \u00e9conomique et social propose une autorit\u00e9 de r\u00e9gulation fonci\u00e8re<\/a> est apparu en premier sur <a rel=\"nofollow\" href=\"https:\/\/www.sidwaya.info\/\">Quotidien Sidwaya<\/a>.<\/p>\n<\/div>\n<p>Auteur: Wamini SIDWAYA<br \/>\n<a href=\"https:\/\/www.sidwaya.info\/blog\/2021\/07\/22\/gestion-des-terres-le-conseil-economique-et-social-propose-une-autorite-de-regulation-fonciere\/\">Cliquez ici pour lire l&rsquo;article depuis sa source.<\/a><\/p>\n","protected":false},"excerpt":{"rendered":"<p>Le Conseil \u00e9conomique et social (CES) a organis\u00e9, le lundi 19 juillet 2021 \u00e0 Ouagadougou, la c\u00e9r\u00e9monie de cl\u00f4ture de sa premi\u00e8re session ordinaire de ann\u00e9e, t\u00e9nue du 22 juin au 19 juillet dernier. La premi\u00e8re session ordinaire de l\u2019ann\u00e9e du Conseil \u00e9conomique et social (CES) plac\u00e9e sous le th\u00e8me\u00a0: \u00ab\u00a0La probl\u00e9matique de la gestion [&hellip;]<\/p>\n","protected":false},"author":1816,"featured_media":0,"comment_status":"closed","ping_status":"closed","sticky":false,"template":"","format":"standard","meta":{"fifu_image_url":"","fifu_image_alt":"","footnotes":""},"categories":[73,81],"tags":[],"class_list":["post-122141","post","type-post","status-publish","format-standard","hentry","category-actualite","category-burkina-faso"],"_links":{"self":[{"href":"https:\/\/linitiative.ca\/International\/wp-json\/wp\/v2\/posts\/122141","targetHints":{"allow":["GET"]}}],"collection":[{"href":"https:\/\/linitiative.ca\/International\/wp-json\/wp\/v2\/posts"}],"about":[{"href":"https:\/\/linitiative.ca\/International\/wp-json\/wp\/v2\/types\/post"}],"author":[{"embeddable":true,"href":"https:\/\/linitiative.ca\/International\/wp-json\/wp\/v2\/users\/1816"}],"replies":[{"embeddable":true,"href":"https:\/\/linitiative.ca\/International\/wp-json\/wp\/v2\/comments?post=122141"}],"version-history":[{"count":0,"href":"https:\/\/linitiative.ca\/International\/wp-json\/wp\/v2\/posts\/122141\/revisions"}],"wp:attachment":[{"href":"https:\/\/linitiative.ca\/International\/wp-json\/wp\/v2\/media?parent=122141"}],"wp:term":[{"taxonomy":"category","embeddable":true,"href":"https:\/\/linitiative.ca\/International\/wp-json\/wp\/v2\/categories?post=122141"},{"taxonomy":"post_tag","embeddable":true,"href":"https:\/\/linitiative.ca\/International\/wp-json\/wp\/v2\/tags?post=122141"}],"curies":[{"name":"wp","href":"https:\/\/api.w.org\/{rel}","templated":true}]}}