{"id":122142,"date":"2021-07-22T12:18:02","date_gmt":"2021-07-22T16:18:02","guid":{"rendered":"https:\/\/linitiative.ca\/International\/jacob-zuma-aux-obseques-de-son-frere\/"},"modified":"2021-07-22T12:18:02","modified_gmt":"2021-07-22T16:18:02","slug":"jacob-zuma-aux-obseques-de-son-frere","status":"publish","type":"post","link":"https:\/\/linitiative.ca\/International\/jacob-zuma-aux-obseques-de-son-frere\/","title":{"rendered":"Jacob Zuma aux obs\u00e8ques de son fr\u00e8re"},"content":{"rendered":"<div>\n<p><img loading=\"lazy\" decoding=\"async\" width=\"678\" height=\"381\" src=\"https:\/\/linitiative.ca\/International\/wp-content\/uploads\/sites\/23\/2021\/07\/16269706822294.jpg\" class=\"attachment-post-thumbnail size-post-thumbnail wp-post-image\" alt=\"\" srcset=\"https:\/\/linitiative.ca\/International\/wp-content\/uploads\/sites\/23\/2021\/07\/16269706822294.jpg 678w, https:\/\/www.journalducameroun.com\/wp-content\/uploads\/2021\/07\/16269706822294-300x169.jpg 300w, https:\/\/www.journalducameroun.com\/wp-content\/uploads\/2021\/07\/16269706822294-780x440.jpg 780w, https:\/\/www.journalducameroun.com\/wp-content\/uploads\/2021\/07\/16269706822294-380x215.jpg 380w, https:\/\/www.journalducameroun.com\/wp-content\/uploads\/2021\/07\/16269706822294-160x90.jpg 160w, https:\/\/www.journalducameroun.com\/wp-content\/uploads\/2021\/07\/16269706822294-240x135.jpg 240w, https:\/\/www.journalducameroun.com\/wp-content\/uploads\/2021\/07\/16269706822294-600x337.jpg 600w\" sizes=\"auto, (max-width: 678px) 100vw, 678px\"><\/p>\n<p>Le minist\u00e8re sud-africain des Services p\u00e9nitenciers a autoris\u00e9 l&rsquo;ancien pr\u00e9sident, qui purge une peine de quinze mois de prison ferme pour \u00ab outrage \u00e0 la Justice \u00bb, \u00e0 assister ce jeudi aux fun\u00e9railles de Michael  Zuma.Jacob Zuma a perdu son petit fr\u00e8re au d\u00e9but de ce mois. Selon un membre de la famille, le d\u00e9funt souffrait d&rsquo;une longue maladie. Pour permettre \u00e0 l&rsquo;ex-chef de l&rsquo;Etat de l&rsquo;accompagner jusqu&rsquo;\u00e0 sa derni\u00e8re demeure, les autorit\u00e9s judiciaires ont \u00ab trait\u00e9 et approuv\u00e9 \u00bb la demande de cong\u00e9 pour des raisons familiales de Jacob Zuma consid\u00e9r\u00e9 comme un \u00ab d\u00e9tenu \u00e0 court terme et \u00e0 faible risque\u00a0\u00bb.<\/p>\n<p>Les obs\u00e8ques se tiennent dans la province du KwaZulu Natal. Jacob Zuma, \u00e2g\u00e9 de 79 ans, ne sera pas tenu de porter l&rsquo;uniforme des prisonniers conform\u00e9ment aux textes qui r\u00e9gissent l&rsquo;administration p\u00e9nitentiaire sud-africaine.<\/p>\n<p>Toutefois, pr\u00e9cise le minist\u00e8re des Services p\u00e9nitenciers, un d\u00e9tenu ayant re\u00e7u l&rsquo;autorisation de quitter un centre correctionnel reste un condamn\u00e9 m\u00eame lorsqu&rsquo;il se trouve temporairement en dehors de sa prison.<\/p>\n<p>Cet article <a rel=\"nofollow\" href=\"https:\/\/www.journalducameroun.com\/jacob-zuma-aux-obseques-de-son-frere\/\">Jacob Zuma aux obs\u00e8ques de son fr\u00e8re<\/a> est apparu en premier sur <a rel=\"nofollow\" href=\"https:\/\/www.journalducameroun.com\/\">Journal du Cameroun<\/a>.<\/p>\n<\/div>\n<p>Auteur: APA News<br \/>\n<a href=\"https:\/\/www.journalducameroun.com\/jacob-zuma-aux-obseques-de-son-frere\/\">Cliquez ici pour lire l&rsquo;article depuis sa source.<\/a><\/p>\n","protected":false},"excerpt":{"rendered":"<p>Le minist\u00e8re sud-africain des Services p\u00e9nitenciers a autoris\u00e9 l&rsquo;ancien pr\u00e9sident, qui purge une peine de quinze mois de prison ferme pour \u00ab outrage \u00e0 la Justice \u00bb, \u00e0 assister ce jeudi aux fun\u00e9railles de Michael Zuma.Jacob Zuma a perdu son petit fr\u00e8re au d\u00e9but de ce mois. Selon un membre de la famille, le d\u00e9funt [&hellip;]<\/p>\n","protected":false},"author":1965,"featured_media":0,"comment_status":"closed","ping_status":"closed","sticky":false,"template":"","format":"standard","meta":{"fifu_image_url":"https:\/\/www.journalducameroun.com\/wp-content\/uploads\/2021\/07\/16269706822294.jpg","fifu_image_alt":"Jacob Zuma aux obs\u00e8ques de son fr\u00e8re","footnotes":""},"categories":[73,82],"tags":[],"class_list":["post-122142","post","type-post","status-publish","format-standard","hentry","category-actualite","category-cameroun"],"_links":{"self":[{"href":"https:\/\/linitiative.ca\/International\/wp-json\/wp\/v2\/posts\/122142","targetHints":{"allow":["GET"]}}],"collection":[{"href":"https:\/\/linitiative.ca\/International\/wp-json\/wp\/v2\/posts"}],"about":[{"href":"https:\/\/linitiative.ca\/International\/wp-json\/wp\/v2\/types\/post"}],"author":[{"embeddable":true,"href":"https:\/\/linitiative.ca\/International\/wp-json\/wp\/v2\/users\/1965"}],"replies":[{"embeddable":true,"href":"https:\/\/linitiative.ca\/International\/wp-json\/wp\/v2\/comments?post=122142"}],"version-history":[{"count":0,"href":"https:\/\/linitiative.ca\/International\/wp-json\/wp\/v2\/posts\/122142\/revisions"}],"wp:attachment":[{"href":"https:\/\/linitiative.ca\/International\/wp-json\/wp\/v2\/media?parent=122142"}],"wp:term":[{"taxonomy":"category","embeddable":true,"href":"https:\/\/linitiative.ca\/International\/wp-json\/wp\/v2\/categories?post=122142"},{"taxonomy":"post_tag","embeddable":true,"href":"https:\/\/linitiative.ca\/International\/wp-json\/wp\/v2\/tags?post=122142"}],"curies":[{"name":"wp","href":"https:\/\/api.w.org\/{rel}","templated":true}]}}