{"id":122144,"date":"2021-07-22T12:18:02","date_gmt":"2021-07-22T16:18:02","guid":{"rendered":"https:\/\/linitiative.ca\/International\/jo-tokyo-2021-football-la-cote-divoire-simpose-face-a-larabie-saoudite-2-1\/"},"modified":"2021-07-22T12:18:02","modified_gmt":"2021-07-22T16:18:02","slug":"jo-tokyo-2021-football-la-cote-divoire-simpose-face-a-larabie-saoudite-2-1","status":"publish","type":"post","link":"https:\/\/linitiative.ca\/International\/jo-tokyo-2021-football-la-cote-divoire-simpose-face-a-larabie-saoudite-2-1\/","title":{"rendered":"JO Tokyo 2021-Football: la C\u00f4te d\u2019Ivoire s\u2019impose face \u00e0 l\u2019Arabie Saoudite (2-1)"},"content":{"rendered":"<div>\n<p><img loading=\"lazy\" decoding=\"async\" width=\"992\" height=\"545\" src=\"https:\/\/linitiative.ca\/International\/wp-content\/uploads\/sites\/23\/2021\/07\/16269706839076.jpg\" class=\"attachment-post-thumbnail size-post-thumbnail wp-post-image\" alt=\"\" srcset=\"https:\/\/linitiative.ca\/International\/wp-content\/uploads\/sites\/23\/2021\/07\/16269706839076.jpg 992w, https:\/\/www.journalducameroun.com\/wp-content\/uploads\/2021\/07\/16269706839076-300x165.jpg 300w, https:\/\/www.journalducameroun.com\/wp-content\/uploads\/2021\/07\/16269706839076-768x422.jpg 768w, https:\/\/www.journalducameroun.com\/wp-content\/uploads\/2021\/07\/16269706839076-801x440.jpg 801w, https:\/\/www.journalducameroun.com\/wp-content\/uploads\/2021\/07\/16269706839076-600x330.jpg 600w\" sizes=\"auto, (max-width: 992px) 100vw, 992px\"><\/p>\n<p>L&rsquo;\u00e9quipe de football de la C\u00f4te d&rsquo;Ivoire s&rsquo;est impos\u00e9e jeudi face l&rsquo;Arabie Saoudite sur le score de 2-1, \u00e0 l&rsquo;occasion des premiers matches de poule, dans le cadre des Jeux Olympiques de Tokyo 2021, au stade de Yokohama.<\/p>\n<p>Les trente premi\u00e8res minutes ont \u00e9t\u00e9 en faveur des Saoudiens, qui \u00e9taient tr\u00e8s pr\u00e9sents dans le camp des \u00c9l\u00e9phants de C\u00f4te d&rsquo;Ivoire. A la 40e minute, l&rsquo;attaquant ivoirien Max Gradel effectue un centre, contr\u00e9 par le d\u00e9fenseur saoudien \u00a0Alamari Abdulelah (1-0) qui marque contre son camp.<\/p>\n<p>Suite \u00e0 une offensive des Saoudiens, la C\u00f4te d&rsquo;Ivoire c\u00e8de \u00e0 la pression. L&rsquo;attaquant saoudien Aldawsari Salem \u00e9galise trois minutes plus tard, au grand d\u00e9sarroi des \u00c9l\u00e9phants qui vont \u00e0 la deuxi\u00e8me mi-temps se montrer plus entreprenant.<\/p>\n<p>Sur une passe d\u00e9cisive de Amad Diallo, l&rsquo;attaquant ivoirien Franck Kessi\u00e9 bat le portier saoudien vers la 67e minutes et inscrit le second but. La cohorte ivoirienne dirig\u00e9e par le coach Souhalio Haidara,\u00a0va au terme de la partie mettre en d\u00e9route les Saoudiens, conservant la marque (2-1).<\/p>\n<p>Les \u00c9l\u00e9phants de C\u00f4te d&rsquo;Ivoire ont termin\u00e9 le match avec 10 joueurs. L&rsquo;athl\u00e8te Aboubacar Doumbia a \u00e9cop\u00e9 d&rsquo;un carton rouge \u00e0 la suite d&rsquo;une faute. Il ne discutera pas les deux prochaines rencontres.<\/p>\n<p>\u00a0La C\u00f4te d&rsquo;Ivoire croisera le fer avec le Br\u00e9sil le dimanche 25 juillet \u00e0 8h30 (Gmt et heure locale) en match comptant pour la 2\u00e8 journ\u00e9e de la poule D.<\/p>\n<p>En plus de son \u00e9quipe de football, la C\u00f4te d&rsquo;Ivoire aligne des athl\u00e8tes dans plusieurs disciplines dont le sprint, le taekwondo, le judo, la natation et l&rsquo;aviron. La c\u00e9r\u00e9monie officielle d&rsquo;ouverture de ces jeux est pr\u00e9vue ce vendredi<\/p>\n<p>.<\/p>\n<p>Cet article <a rel=\"nofollow\" href=\"https:\/\/www.journalducameroun.com\/jo-tokyo-2021-football-la-cote-divoire-simpose-face-a-larabie-saoudite-2-1\/\">JO Tokyo 2021-Football: la C\u00f4te d\u2019Ivoire s\u2019impose face \u00e0 l\u2019Arabie Saoudite (2-1)<\/a> est apparu en premier sur <a rel=\"nofollow\" href=\"https:\/\/www.journalducameroun.com\/\">Journal du Cameroun<\/a>.<\/p>\n<\/div>\n<p>Auteur: APA News<br \/>\n<a href=\"https:\/\/www.journalducameroun.com\/jo-tokyo-2021-football-la-cote-divoire-simpose-face-a-larabie-saoudite-2-1\/\">Cliquez ici pour lire l&rsquo;article depuis sa source.<\/a><\/p>\n","protected":false},"excerpt":{"rendered":"<p>L&rsquo;\u00e9quipe de football de la C\u00f4te d&rsquo;Ivoire s&rsquo;est impos\u00e9e jeudi face l&rsquo;Arabie Saoudite sur le score de 2-1, \u00e0 l&rsquo;occasion des premiers matches de poule, dans le cadre des Jeux Olympiques de Tokyo 2021, au stade de Yokohama. Les trente premi\u00e8res minutes ont \u00e9t\u00e9 en faveur des Saoudiens, qui \u00e9taient tr\u00e8s pr\u00e9sents dans le camp [&hellip;]<\/p>\n","protected":false},"author":1965,"featured_media":0,"comment_status":"closed","ping_status":"closed","sticky":false,"template":"","format":"standard","meta":{"fifu_image_url":"https:\/\/www.journalducameroun.com\/wp-content\/uploads\/2021\/07\/16269706839076.jpg","fifu_image_alt":"JO Tokyo 2021-Football: la C\u00f4te d\u2019Ivoire s\u2019impose face \u00e0 l\u2019Arabie Saoudite (2-1)","footnotes":""},"categories":[73,82],"tags":[],"class_list":["post-122144","post","type-post","status-publish","format-standard","hentry","category-actualite","category-cameroun"],"_links":{"self":[{"href":"https:\/\/linitiative.ca\/International\/wp-json\/wp\/v2\/posts\/122144","targetHints":{"allow":["GET"]}}],"collection":[{"href":"https:\/\/linitiative.ca\/International\/wp-json\/wp\/v2\/posts"}],"about":[{"href":"https:\/\/linitiative.ca\/International\/wp-json\/wp\/v2\/types\/post"}],"author":[{"embeddable":true,"href":"https:\/\/linitiative.ca\/International\/wp-json\/wp\/v2\/users\/1965"}],"replies":[{"embeddable":true,"href":"https:\/\/linitiative.ca\/International\/wp-json\/wp\/v2\/comments?post=122144"}],"version-history":[{"count":0,"href":"https:\/\/linitiative.ca\/International\/wp-json\/wp\/v2\/posts\/122144\/revisions"}],"wp:attachment":[{"href":"https:\/\/linitiative.ca\/International\/wp-json\/wp\/v2\/media?parent=122144"}],"wp:term":[{"taxonomy":"category","embeddable":true,"href":"https:\/\/linitiative.ca\/International\/wp-json\/wp\/v2\/categories?post=122144"},{"taxonomy":"post_tag","embeddable":true,"href":"https:\/\/linitiative.ca\/International\/wp-json\/wp\/v2\/tags?post=122144"}],"curies":[{"name":"wp","href":"https:\/\/api.w.org\/{rel}","templated":true}]}}