{"id":122146,"date":"2021-07-22T13:18:02","date_gmt":"2021-07-22T17:18:02","guid":{"rendered":"https:\/\/linitiative.ca\/International\/le-personnel-ivoirien-de-lex-air-afrique-reclame-6-milliards-fcfa-de-droits\/"},"modified":"2021-07-22T13:18:02","modified_gmt":"2021-07-22T17:18:02","slug":"le-personnel-ivoirien-de-lex-air-afrique-reclame-6-milliards-fcfa-de-droits","status":"publish","type":"post","link":"https:\/\/linitiative.ca\/International\/le-personnel-ivoirien-de-lex-air-afrique-reclame-6-milliards-fcfa-de-droits\/","title":{"rendered":"Le personnel ivoirien de l\u2019ex-Air Afrique r\u00e9clame 6 milliards Fcfa de droits"},"content":{"rendered":"<div>\n<p>Le Comit\u00e9 de suivi des droits du personnel ivoirien de l\u2019ex-compagnie multinationale Air Afrique r\u00e9clame 6 milliards de Fcfa \u00e0 l\u2019Etat de C\u00f4te d\u2019Ivoire au profit de 867 agents et leurs familles, a indiqu\u00e9 jeudi \u00e0 APA son porte-parole, Boniface Boyou.\u00a0\u00bbNous r\u00e9clamons 6 milliards de Fcfa \u00e0 l\u2019Etat ivoirien\u00a0\u00bb au profit de \u00ab\u00a0867 agents et leurs familles\u00a0\u00bb, a d\u00e9clar\u00e9 jeudi \u00e0 Abidjan M. Boniface Boyou, le porte-parole du Comit\u00e9 de suivi des droits du personnel ivoirien de l\u2019ex-compagnie multinationale Air Afrique, apr\u00e8s une Assembl\u00e9e g\u00e9n\u00e9rale. \u00a0<\/p>\n<p>Selon M. Boyou, les ressortissants ivoiriens ne sont pas les seuls cr\u00e9anciers de l\u2019ex-compagnie Air Afrique. La justice a condamn\u00e9 l\u2019Etat de C\u00f4te d\u2019Ivoire \u00e0 payer 9 milliards Fcfa au syndic liquidateur et le Comit\u00e9 de suivi des droits du personnel r\u00e9clame 6 milliards de Fcfa. \u00a0 \u00a0\u00a0<\/p>\n<p>L\u2019Assembl\u00e9e g\u00e9n\u00e9rale, convoqu\u00e9e ce jour, expliquera-t-il, vise \u00e0 \u00ab\u00a0attirer l\u2019attention du pr\u00e9sident de la R\u00e9publique sur la d\u00e9tresse que vit les ex-travailleurs ivoiriens de l\u2019ex-compagnie multinationale Air Afrique\u00a0\u00bb. \u00a0<\/p>\n<p>M. Boyou a fait savoir au cours de l\u2019Assembl\u00e9e g\u00e9n\u00e9rale qu&rsquo;\u00a0\u00bbactuellement, tout le dossier est boucl\u00e9 et se trouve \u00e0 l\u2019Agence judiciaire du tr\u00e9sor qui est un service du minist\u00e8re de l\u2019\u00c9conomie et des finances\u00a0\u00bb.\u00a0<\/p>\n<p>Suite \u00e0 des vell\u00e9it\u00e9s de manifestations, le Comit\u00e9 a \u00e9t\u00e9 re\u00e7u le 2 juillet 2021 par le directeur de Cabinet du ministre des Transports qui \u00e0 en croire M. Boyou, leur a demand\u00e9 de se \u00ab\u00a0tranquiliser\u00a0\u00bb et qu\u2019ils allaient \u00eatre \u00ab\u00a0pay\u00e9s au plus tard le 15 ao\u00fbt 2021\u00a0\u00bb.\u00a0<\/p>\n<p>Le directeur de Cabinet du ministre des Transports a rassur\u00e9 que cela devrait \u00eatre fait \u00ab\u00a0le temps de lever tous les obstacles qui entourent le dossier\u00a0\u00bb, a rapport\u00e9 M. Boniface Boyou, en marge de l\u2019Assembl\u00e9e g\u00e9n\u00e9rale. \u00a0 \u00a0 \u00a0<\/p>\n<p>\u00ab\u00a0La \u00a0compagnie a \u00e9t\u00e9 liquid\u00e9e depuis 2002 et jusqu\u2019\u00e0 ce jour, nous n\u2019avons pas re\u00e7u nos droits et nos soldes de tout compte et les droits sociaux\u00a0\u00bb, a-t-il poursuivi, ajoutant que c\u2019est dans cette \u00ab\u00a0mis\u00e8re\u00a0\u00bb que le Comit\u00e9 voudrait rappeler l\u2019ordre de paiement donn\u00e9 par le chef de l\u2019Etat depuis 2017.<\/p>\n<p>Face \u00e0 des difficult\u00e9s financi\u00e8res et apr\u00e8s des restructurations infructueuses, l\u2019ex-compagnie Air Afrique a \u00e9t\u00e9 liquid\u00e9e par jugement en avril 2002 par le Tribunal de premi\u00e8re instance d\u2019Abidjan. Cette situation a occasionn\u00e9 le licenciement de plus de 4.000 agents dont 867 Ivoiriens.<\/p>\n<p>Cet article <a rel=\"nofollow\" href=\"https:\/\/www.journalducameroun.com\/le-personnel-ivoirien-de-lex-air-afrique-reclame-6-milliards-fcfa-de-droits\/\">Le personnel ivoirien de l\u2019ex-Air Afrique r\u00e9clame 6 milliards Fcfa de droits<\/a> est apparu en premier sur <a rel=\"nofollow\" href=\"https:\/\/www.journalducameroun.com\/\">Journal du Cameroun<\/a>.<\/p>\n<\/div>\n<p>Auteur: APA News<br \/>\n<a href=\"https:\/\/www.journalducameroun.com\/le-personnel-ivoirien-de-lex-air-afrique-reclame-6-milliards-fcfa-de-droits\/\">Cliquez ici pour lire l&rsquo;article depuis sa source.<\/a><\/p>\n","protected":false},"excerpt":{"rendered":"<p>Le Comit\u00e9 de suivi des droits du personnel ivoirien de l\u2019ex-compagnie multinationale Air Afrique r\u00e9clame 6 milliards de Fcfa \u00e0 l\u2019Etat de C\u00f4te d\u2019Ivoire au profit de 867 agents et leurs familles, a indiqu\u00e9 jeudi \u00e0 APA son porte-parole, Boniface Boyou.\u00a0\u00bbNous r\u00e9clamons 6 milliards de Fcfa \u00e0 l\u2019Etat ivoirien\u00a0\u00bb au profit de \u00ab\u00a0867 agents et [&hellip;]<\/p>\n","protected":false},"author":1965,"featured_media":0,"comment_status":"closed","ping_status":"closed","sticky":false,"template":"","format":"standard","meta":{"fifu_image_url":"","fifu_image_alt":"","footnotes":""},"categories":[73,82],"tags":[],"class_list":["post-122146","post","type-post","status-publish","format-standard","hentry","category-actualite","category-cameroun"],"_links":{"self":[{"href":"https:\/\/linitiative.ca\/International\/wp-json\/wp\/v2\/posts\/122146","targetHints":{"allow":["GET"]}}],"collection":[{"href":"https:\/\/linitiative.ca\/International\/wp-json\/wp\/v2\/posts"}],"about":[{"href":"https:\/\/linitiative.ca\/International\/wp-json\/wp\/v2\/types\/post"}],"author":[{"embeddable":true,"href":"https:\/\/linitiative.ca\/International\/wp-json\/wp\/v2\/users\/1965"}],"replies":[{"embeddable":true,"href":"https:\/\/linitiative.ca\/International\/wp-json\/wp\/v2\/comments?post=122146"}],"version-history":[{"count":0,"href":"https:\/\/linitiative.ca\/International\/wp-json\/wp\/v2\/posts\/122146\/revisions"}],"wp:attachment":[{"href":"https:\/\/linitiative.ca\/International\/wp-json\/wp\/v2\/media?parent=122146"}],"wp:term":[{"taxonomy":"category","embeddable":true,"href":"https:\/\/linitiative.ca\/International\/wp-json\/wp\/v2\/categories?post=122146"},{"taxonomy":"post_tag","embeddable":true,"href":"https:\/\/linitiative.ca\/International\/wp-json\/wp\/v2\/tags?post=122146"}],"curies":[{"name":"wp","href":"https:\/\/api.w.org\/{rel}","templated":true}]}}