{"id":122147,"date":"2021-07-22T13:18:02","date_gmt":"2021-07-22T17:18:02","guid":{"rendered":"https:\/\/linitiative.ca\/International\/covid-19-vers-la-production-de-vaccins-en-afrique-du-sud\/"},"modified":"2021-07-22T13:18:02","modified_gmt":"2021-07-22T17:18:02","slug":"covid-19-vers-la-production-de-vaccins-en-afrique-du-sud","status":"publish","type":"post","link":"https:\/\/linitiative.ca\/International\/covid-19-vers-la-production-de-vaccins-en-afrique-du-sud\/","title":{"rendered":"Covid-19 : vers la production de vaccins en Afrique du Sud"},"content":{"rendered":"<div>\n<p><img loading=\"lazy\" decoding=\"async\" width=\"925\" height=\"575\" src=\"https:\/\/linitiative.ca\/International\/wp-content\/uploads\/sites\/23\/2021\/07\/16269742822877.jpg\" class=\"attachment-post-thumbnail size-post-thumbnail wp-post-image\" alt=\"\" srcset=\"https:\/\/linitiative.ca\/International\/wp-content\/uploads\/sites\/23\/2021\/07\/16269742822877.jpg 925w, https:\/\/www.journalducameroun.com\/wp-content\/uploads\/2021\/07\/16269742822877-300x186.jpg 300w, https:\/\/www.journalducameroun.com\/wp-content\/uploads\/2021\/07\/16269742822877-768x477.jpg 768w, https:\/\/www.journalducameroun.com\/wp-content\/uploads\/2021\/07\/16269742822877-708x440.jpg 708w, https:\/\/www.journalducameroun.com\/wp-content\/uploads\/2021\/07\/16269742822877-600x373.jpg 600w\" sizes=\"auto, (max-width: 925px) 100vw, 925px\"><\/p>\n<p>L&rsquo;Institut Biovac d&rsquo;Afrique du Sud et la soci\u00e9t\u00e9 pharmaceutique Pfizer ont conclu un accord pour la mise en place d&rsquo;une unit\u00e9 de fabrication de vaccins anti-Covid au Cap.Le pr\u00e9sident sud-africain, Cyril Ramaphosa, s&rsquo;est f\u00e9licit\u00e9 de ce partenariat public-priv\u00e9 officialis\u00e9 mercredi. Pour le guide de la nation arc-en-ciel, c&rsquo;est une \u00ab perc\u00e9e dans la protection des nations africaines \u00bb contre la pand\u00e9mie.<\/p>\n<p>Cyril Ramaphosa a soulign\u00e9 que l&rsquo;Afrique \u00ab a actuellement moins d&rsquo;acc\u00e8s \u00e0 la vaccination\u00a0\u00bb par rapport aux autres parties du monde, avant d&rsquo;affirmer que cette entente \u00ab\u00a0contribuera de mani\u00e8re significative \u00e0 la s\u00e9curit\u00e9 sanitaire sur ce continent \u00bb.<\/p>\n<p>En effet, a fait savoir le chef de l&rsquo;Etat sud-africain, 100 millions de doses devraient sortir chaque ann\u00e9e de la future usine. Une production exclusivement destin\u00e9e aux Etats membres de l&rsquo;Union africaine (UA).<\/p>\n<p>Le contrat sign\u00e9 avec Pfizer inclut un transfert de technologies. En outre, l&rsquo;unit\u00e9 du Cap doit int\u00e9grer, d&rsquo;ici fin 2021, la cha\u00eene d&rsquo;approvisionnement du g\u00e9ant pharmaceutique mondial pour s&rsquo;approvisionner en substance m\u00e9dicamenteuse aupr\u00e8s de BioNTech (associ\u00e9 \u00e0 Pfizer dans la mise au point d&rsquo;un vaccin contre la Covid-19) en Allemagne.<\/p>\n<p>Ce projet de fabrication de vaccins \u00e0 ARN messager, n\u00e9cessite selon Cyril Ramaphosa, un investissement \u00e0 frais partag\u00e9s de 14 millions de dollars US au cours des six prochains mois. De l&rsquo;avis du pr\u00e9sident de l&rsquo;Afrique du Sud, \u00ab la protection des populations (du continent) est une contribution n\u00e9cessaire et essentielle \u00e0 la protection de l&rsquo;humanit\u00e9\u00a0\u00bb.<\/p>\n<p>Cet article <a rel=\"nofollow\" href=\"https:\/\/www.journalducameroun.com\/covid-19-vers-la-production-de-vaccins-en-afrique-du-sud\/\">Covid-19 : vers la production de vaccins en Afrique du Sud<\/a> est apparu en premier sur <a rel=\"nofollow\" href=\"https:\/\/www.journalducameroun.com\/\">Journal du Cameroun<\/a>.<\/p>\n<\/div>\n<p>Auteur: APA News<br \/>\n<a href=\"https:\/\/www.journalducameroun.com\/covid-19-vers-la-production-de-vaccins-en-afrique-du-sud\/\">Cliquez ici pour lire l&rsquo;article depuis sa source.<\/a><\/p>\n","protected":false},"excerpt":{"rendered":"<p>L&rsquo;Institut Biovac d&rsquo;Afrique du Sud et la soci\u00e9t\u00e9 pharmaceutique Pfizer ont conclu un accord pour la mise en place d&rsquo;une unit\u00e9 de fabrication de vaccins anti-Covid au Cap.Le pr\u00e9sident sud-africain, Cyril Ramaphosa, s&rsquo;est f\u00e9licit\u00e9 de ce partenariat public-priv\u00e9 officialis\u00e9 mercredi. Pour le guide de la nation arc-en-ciel, c&rsquo;est une \u00ab perc\u00e9e dans la protection des [&hellip;]<\/p>\n","protected":false},"author":1965,"featured_media":0,"comment_status":"closed","ping_status":"closed","sticky":false,"template":"","format":"standard","meta":{"fifu_image_url":"https:\/\/www.journalducameroun.com\/wp-content\/uploads\/2021\/07\/16269742822877.jpg","fifu_image_alt":"Covid-19 : vers la production de vaccins en Afrique du Sud","footnotes":""},"categories":[73,82],"tags":[],"class_list":["post-122147","post","type-post","status-publish","format-standard","hentry","category-actualite","category-cameroun"],"_links":{"self":[{"href":"https:\/\/linitiative.ca\/International\/wp-json\/wp\/v2\/posts\/122147","targetHints":{"allow":["GET"]}}],"collection":[{"href":"https:\/\/linitiative.ca\/International\/wp-json\/wp\/v2\/posts"}],"about":[{"href":"https:\/\/linitiative.ca\/International\/wp-json\/wp\/v2\/types\/post"}],"author":[{"embeddable":true,"href":"https:\/\/linitiative.ca\/International\/wp-json\/wp\/v2\/users\/1965"}],"replies":[{"embeddable":true,"href":"https:\/\/linitiative.ca\/International\/wp-json\/wp\/v2\/comments?post=122147"}],"version-history":[{"count":0,"href":"https:\/\/linitiative.ca\/International\/wp-json\/wp\/v2\/posts\/122147\/revisions"}],"wp:attachment":[{"href":"https:\/\/linitiative.ca\/International\/wp-json\/wp\/v2\/media?parent=122147"}],"wp:term":[{"taxonomy":"category","embeddable":true,"href":"https:\/\/linitiative.ca\/International\/wp-json\/wp\/v2\/categories?post=122147"},{"taxonomy":"post_tag","embeddable":true,"href":"https:\/\/linitiative.ca\/International\/wp-json\/wp\/v2\/tags?post=122147"}],"curies":[{"name":"wp","href":"https:\/\/api.w.org\/{rel}","templated":true}]}}