{"id":122149,"date":"2021-07-22T17:18:02","date_gmt":"2021-07-22T21:18:02","guid":{"rendered":"https:\/\/linitiative.ca\/International\/covid-19-la-3e-vague-atteint-un-point-decisif-en-afrique-oms\/"},"modified":"2021-07-22T17:18:02","modified_gmt":"2021-07-22T21:18:02","slug":"covid-19-la-3e-vague-atteint-un-point-decisif-en-afrique-oms","status":"publish","type":"post","link":"https:\/\/linitiative.ca\/International\/covid-19-la-3e-vague-atteint-un-point-decisif-en-afrique-oms\/","title":{"rendered":"Covid-19 : \u00ab la 3e vague atteint un point d\u00e9cisif en Afrique \u00bb (OMS)"},"content":{"rendered":"<div>\n<p><img loading=\"lazy\" decoding=\"async\" width=\"849\" height=\"464\" src=\"https:\/\/linitiative.ca\/International\/wp-content\/uploads\/sites\/23\/2021\/07\/16269886833037.jpg\" class=\"attachment-post-thumbnail size-post-thumbnail wp-post-image\" alt=\"\" srcset=\"https:\/\/linitiative.ca\/International\/wp-content\/uploads\/sites\/23\/2021\/07\/16269886833037.jpg 849w, https:\/\/www.journalducameroun.com\/wp-content\/uploads\/2021\/07\/16269886833037-300x164.jpg 300w, https:\/\/www.journalducameroun.com\/wp-content\/uploads\/2021\/07\/16269886833037-768x420.jpg 768w, https:\/\/www.journalducameroun.com\/wp-content\/uploads\/2021\/07\/16269886833037-805x440.jpg 805w, https:\/\/www.journalducameroun.com\/wp-content\/uploads\/2021\/07\/16269886833037-600x328.jpg 600w\" sizes=\"auto, (max-width: 849px) 100vw, 849px\"><\/p>\n<p>Dans 21 pays africains, selon l&rsquo;Organisation Mondiale de la Sant\u00e9 (OMS), le nombre de contaminations a augment\u00e9 de plus de 20 % pendant au moins deux semaines d&rsquo;affil\u00e9e.Ces derniers jours, la baisse des nouveaux cas en Afrique du Sud a agi sur les chiffres globaux du continent. Mais, indique l&rsquo;Organisation Mondiale de la Sant\u00e9 (OMS), les manifestations d\u00e9coulant de l&#8217;emprisonnement de l&rsquo;ancien pr\u00e9sident, Jacob Zuma, ont perturb\u00e9 la surveillance et le d\u00e9pistage de la maladie.<\/p>\n<p>Ainsi, le recul du virus en Afrique, apr\u00e8s huit semaines cons\u00e9cutives de recrudescence acc\u00e9l\u00e9r\u00e9e, pourrait \u00eatre \u00ab de courte dur\u00e9e\u00a0\u00bb. \u00ab Ne nous ber\u00e7ons pas d&rsquo;illusions, la troisi\u00e8me vague de la pand\u00e9mie en Afrique n&rsquo;est pas encore pass\u00e9e. Cette l\u00e9g\u00e8re embellie est source d&rsquo;espoir et d&rsquo;inspiration, mais elle ne doit pas occulter la situation du continent dans son ensemble \u00bb, a d\u00e9clar\u00e9 Matshidiso Moeti, la Directrice r\u00e9gionale de l&rsquo;OMS pour l&rsquo;Afrique.<\/p>\n<p>Dans un communiqu\u00e9 re\u00e7u jeudi \u00e0 APA, la Botswanaise a soulign\u00e9 que \u00ab de nombreux pays restent tr\u00e8s vuln\u00e9rables (et) les c\u00e9l\u00e9brations de l&rsquo;A\u00efd al-Adha (Tabaski) cette semaine pourraient aussi entra\u00eener une augmentation des cas \u00bb.<\/p>\n<p>C&rsquo;est pourquoi la sp\u00e9cialiste en Sant\u00e9 publique a appel\u00e9 les Africains \u00e0 \u00ab redoubler d&rsquo;efforts en ce qui concerne les mesures de pr\u00e9vention afin de consolider ces acquis fragiles \u00bb. D&rsquo;autant que le variant Delta (indien), hautement transmissible, a \u00e9t\u00e9 d\u00e9tect\u00e9 dans 26 pays et les mutants Alpha (anglais) et B\u00eata (sud-africain) circulent respectivement dans 38 et 35 pays.<\/p>\n<p>Pour Matshidiso Moeti, l&rsquo;Afrique doit acc\u00e9l\u00e9rer de toute urgence la vaccination contre la Covid-19. En tout, elle doit recevoir au cours de cette ann\u00e9e plus 500 millions de doses \u00e0 travers le m\u00e9canisme Covax. Environ 60 millions de doses sont attendues dans les semaines \u00e0 venir.<\/p>\n<p>\u00ab Un afflux massif de doses implique que l&rsquo;Afrique doit tout mettre en \u0153uvre pour assurer une op\u00e9ration de d\u00e9ploiement des vaccins cinq \u00e0 six fois plus rapide, afin de pouvoir administrer toutes ces doses et de vacciner enti\u00e8rement les 10 % d&rsquo;Africains les plus vuln\u00e9rables avant la fin du mois de septembre \u00bb, a soutenu la Directrice r\u00e9gionale de l&rsquo;OMS pour l&rsquo;Afrique.<\/p>\n<p>Jusque-l\u00e0, 20 millions d&rsquo;Africains ont \u00e9t\u00e9 enti\u00e8rement vaccin\u00e9s, soit 1,5 % de la population continentale. Si les gouvernements n&rsquo;acc\u00e9l\u00e8rent pas la cadence, l&rsquo;objectif \u00e0 court terme de l&rsquo;OMS ne sera pas atteint. Actuellement, environ 3,5 \u00e0 4 millions de doses sont administr\u00e9es chaque semaine en Afrique. Mais il faut, d&rsquo;apr\u00e8s l&rsquo;OMS, vacciner au moins 21 millions de personnes sur la m\u00eame p\u00e9riode.<\/p>\n<p>De son c\u00f4t\u00e9, la Banque Mondiale a annonc\u00e9 qu&rsquo;au-del\u00e0 des \u00ab 9,5 milliards de dollars n\u00e9cessaires pour acheter suffisamment de vaccins, 3 autres milliards seront n\u00e9cessaires pour financer les op\u00e9rations de vaccination\u00a0\u00bb.<\/p>\n<p>Il est crucial, comme le reconna\u00eet Matshidiso Moeti, que les Etats africains mettent en place \u00ab suffisamment de sites de vaccination et (mobilisent) les agents de sant\u00e9. Aussi, ils devraient disposer d&rsquo;un stock de vaccins suffisant, ainsi que de moyens logistiques et de transport appropri\u00e9s en vue d&rsquo;assurer la distribution \u00bb.<\/p>\n<p>Les autorit\u00e9s locales doivent \u00e9galement trouver les moyens de renforcer \u00ab la confiance dans les vaccins \u00bb en suscitant notamment la participation des populations au processus. Pour ce faire, a conseill\u00e9 la Directrice r\u00e9gionale de l&rsquo;OMS pour l&rsquo;Afrique, les dirigeants doivent dissiper \u00ab les craintes li\u00e9es aux effets secondaires de la vaccination, qui sont les principaux facteurs de la r\u00e9ticence des populations\u00a0\u00bb.<\/p>\n<p>Sur ce point, \u00ab le recours aux responsables politiques, aux chefs traditionnels \u00bb et la lutte contre \u00ab la d\u00e9sinformation sur les r\u00e9seaux sociaux \u00bb peuvent \u00eatre des strat\u00e9gies payantes.<\/p>\n<p>Cet article <a rel=\"nofollow\" href=\"https:\/\/www.journalducameroun.com\/covid-19-la-3e-vague-atteint-un-point-decisif-en-afrique-oms\/\">Covid-19 : \u00ab la 3e vague atteint un point d\u00e9cisif en Afrique \u00bb (OMS)<\/a> est apparu en premier sur <a rel=\"nofollow\" href=\"https:\/\/www.journalducameroun.com\/\">Journal du Cameroun<\/a>.<\/p>\n<\/div>\n<p>Auteur: APA News<br \/>\n<a href=\"https:\/\/www.journalducameroun.com\/covid-19-la-3e-vague-atteint-un-point-decisif-en-afrique-oms\/\">Cliquez ici pour lire l&rsquo;article depuis sa source.<\/a><\/p>\n","protected":false},"excerpt":{"rendered":"<p>Dans 21 pays africains, selon l&rsquo;Organisation Mondiale de la Sant\u00e9 (OMS), le nombre de contaminations a augment\u00e9 de plus de 20 % pendant au moins deux semaines d&rsquo;affil\u00e9e.Ces derniers jours, la baisse des nouveaux cas en Afrique du Sud a agi sur les chiffres globaux du continent. Mais, indique l&rsquo;Organisation Mondiale de la Sant\u00e9 (OMS), [&hellip;]<\/p>\n","protected":false},"author":1965,"featured_media":0,"comment_status":"closed","ping_status":"closed","sticky":false,"template":"","format":"standard","meta":{"fifu_image_url":"https:\/\/www.journalducameroun.com\/wp-content\/uploads\/2021\/07\/16269886833037.jpg","fifu_image_alt":"Covid-19 : \u00ab la 3e vague atteint un point d\u00e9cisif en Afrique \u00bb (OMS)","footnotes":""},"categories":[73,82],"tags":[],"class_list":["post-122149","post","type-post","status-publish","format-standard","hentry","category-actualite","category-cameroun"],"_links":{"self":[{"href":"https:\/\/linitiative.ca\/International\/wp-json\/wp\/v2\/posts\/122149","targetHints":{"allow":["GET"]}}],"collection":[{"href":"https:\/\/linitiative.ca\/International\/wp-json\/wp\/v2\/posts"}],"about":[{"href":"https:\/\/linitiative.ca\/International\/wp-json\/wp\/v2\/types\/post"}],"author":[{"embeddable":true,"href":"https:\/\/linitiative.ca\/International\/wp-json\/wp\/v2\/users\/1965"}],"replies":[{"embeddable":true,"href":"https:\/\/linitiative.ca\/International\/wp-json\/wp\/v2\/comments?post=122149"}],"version-history":[{"count":0,"href":"https:\/\/linitiative.ca\/International\/wp-json\/wp\/v2\/posts\/122149\/revisions"}],"wp:attachment":[{"href":"https:\/\/linitiative.ca\/International\/wp-json\/wp\/v2\/media?parent=122149"}],"wp:term":[{"taxonomy":"category","embeddable":true,"href":"https:\/\/linitiative.ca\/International\/wp-json\/wp\/v2\/categories?post=122149"},{"taxonomy":"post_tag","embeddable":true,"href":"https:\/\/linitiative.ca\/International\/wp-json\/wp\/v2\/tags?post=122149"}],"curies":[{"name":"wp","href":"https:\/\/api.w.org\/{rel}","templated":true}]}}