{"id":122157,"date":"2021-07-23T08:43:27","date_gmt":"2021-07-23T12:43:27","guid":{"rendered":"https:\/\/linitiative.ca\/International\/la-depf-toujours-optimiste-lactivite-economique-en-retablissement-progressif\/"},"modified":"2021-07-23T08:43:27","modified_gmt":"2021-07-23T12:43:27","slug":"la-depf-toujours-optimiste-lactivite-economique-en-retablissement-progressif","status":"publish","type":"post","link":"https:\/\/linitiative.ca\/International\/la-depf-toujours-optimiste-lactivite-economique-en-retablissement-progressif\/","title":{"rendered":"La DEPF toujours optimiste : L\u2019activit\u00e9 \u00e9conomique en r\u00e9tablissement progressif"},"content":{"rendered":"<div>\n<p><img decoding=\"async\" width=\"300\" height=\"153\" src=\"https:\/\/linitiative.ca\/International\/wp-content\/uploads\/sites\/23\/2021\/07\/ministere-de-leconomie-300x153-1.jpg\" class=\"attachment-medium size-medium wp-post-image\" alt=\"\" loading=\"lazy\" srcset=\"\/\/aujourdhui.ma\/wp-content\/uploads\/2020\/06\/ministere-de-leconomie-300x153.jpg 300w, \/\/aujourdhui.ma\/wp-content\/uploads\/2020\/06\/ministere-de-leconomie-274x140.jpg 274w, \/\/aujourdhui.ma\/wp-content\/uploads\/2020\/06\/ministere-de-leconomie.jpg 746w, \/\/aujourdhui.ma\/wp-content\/uploads\/2020\/06\/ministere-de-leconomie-165x84.jpg 165w, \/\/aujourdhui.ma\/wp-content\/uploads\/2020\/06\/ministere-de-leconomie-702x358.jpg 702w\" sizes=\"auto, (max-width: 300px) 100vw, 300px\"><\/p>\n<p><span style=\"font-size: 20px; color: #800000;\"><strong>La DEPF (direction des \u00e9tudes et des pr\u00e9visions financi\u00e8res) est toujours optimiste pour 2021.<\/strong> <\/span><span id=\"more-382385\"><\/span><\/p>\n<p>Pour le reste de l\u2019ann\u00e9e, la direction pr\u00e9cise, dans sa note de conjoncture de juillet courant, que \u00ab les perspectives d\u2019un rebond de l\u2019activit\u00e9 \u00e9conomique mondiale et du commerce international se confirment davantage au cours de l\u2019ann\u00e9e 2021 \u00bb.<\/p>\n<p><strong>Aper\u00e7u du contexte international<\/strong><\/p>\n<p>Dans ce sens, la m\u00eame structure s\u2019appuie au FMI qui a, dans ce contexte, relev\u00e9 ses pr\u00e9visions de croissance pour les Etats-Unis \u00e0 7% en 2021. La DEPF \u00e9voque \u00e9galement les donn\u00e9es de la Commission europ\u00e9enne qui a, de m\u00eame, a revu \u00e0 la hausse ses pr\u00e9visions pour la zone euro \u00e0<\/p>\n<p>4,8% en 2021. Pour les pays \u00e9mergents, le rythme de reprise s\u2019av\u00e8re plus vigoureux en Chine (8,5% en 2021 selon la Banque mondiale) et en Inde (8,3%) qu\u2019aux Br\u00e9sil (4,5%) et en Russie (3,2%). \u00ab Ce contexte international reste tout de m\u00eame marqu\u00e9 par un certain niveau d\u2019incertitude li\u00e9 aux<\/p>\n<p>nouvelles vagues de contaminations qui se profilent et aux \u00e9ventuelles nouvelles mesures de restriction \u00e0 la mobilit\u00e9 qui pourraient s\u2019en suivre \u00bb, explicite la direction.<\/p>\n<p><strong>Ce qu\u2019il en est au niveau national<\/strong><\/p>\n<p>Quant au niveau national, les indicateurs conjoncturels disponibles font, selon la m\u00eame source, \u00e9tat d\u2019un \u00ab r\u00e9tablissement progressif de l\u2019activit\u00e9 \u00e9conomique, \u00e0 des rythmes d\u00e9passant les niveaux initialement attendus incitant des institutions nationales et internationales \u00e0 revoir vers le haut leurs pr\u00e9visions de croissance pour l\u2019ann\u00e9e<\/p>\n<p>2021 \u00bb. Pour la DEPF, cette \u00e9volution est le fruit de la conjonction de facteurs favorables notamment les r\u00e9alisations en mati\u00e8re de production c\u00e9r\u00e9ali\u00e8re d\u00e9passant de trois fois celles de la derni\u00e8re saison ainsi que le regain graduel de confiance r\u00e9sultant de l\u2019\u00e9largissement des campagnes de vaccination dans notre pays, la poursuite de la d\u00e9clinaison du plan relance et le redressement de la situation \u00e9conomique chez nos principaux partenaires.<\/p>\n<p>Aussi, plusieurs secteurs d\u2019activit\u00e9 non agricole sont parvenus \u00e0 se r\u00e9tablir courant l\u2019ann\u00e9e 2021. Certains ont pu atteindre leur niveau d\u2019activit\u00e9 d\u2019avant crise. Ce redressement de l\u2019activit\u00e9 est perceptible notamment au niveau des secteurs des mines, du BTP, de l\u2019\u00e9nergie \u00e9lectrique et de certaines branches du secteur industriel. De son c\u00f4t\u00e9, le secteur du tourisme en particulier, la dynamique semble bien partie, suite \u00e0 l\u2019am\u00e9lioration de la situation \u00e9pid\u00e9miologique dans de nombreux pays exportateurs de touristes et aux r\u00e9centes mesures prises par le Maroc visant \u00e0 r\u00e9duire les restrictions sur le d\u00e9placement des voyageurs d\u00e9sirant acc\u00e9der au territoire national, dont notamment des am\u00e9nagements tarifaires \u00e0 la port\u00e9e des MRE souhaitant visiter leur pays. S\u2019agissant des \u00e9l\u00e9ments de la demande int\u00e9rieure, la consommation des m\u00e9nages aurait regagn\u00e9 sa vigueur courant 2021, b\u00e9n\u00e9ficiant de l\u2019orientation favorable des revenus, notamment des m\u00e9nages ruraux, la bonne tenue des transferts des MRE<\/p>\n<p>et la ma\u00eetrise du niveau g\u00e9n\u00e9ral des prix. Quant \u00e0 l\u2019investissement, il aurait manifest\u00e9 \u00e9galement des signes de reprise, en ligne avec le redressement des importations de biens d\u2019\u00e9quipement et la hausse des recettes des IDE.<\/p>\n<p><strong>Am\u00e9lioration des \u00e9changes ext\u00e9rieurs<\/strong><\/p>\n<p>De leur c\u00f4t\u00e9, les \u00e9changes ext\u00e9rieurs ont \u00e9t\u00e9 marqu\u00e9s \u00e0 fin mai 2021, par l\u2019am\u00e9lioration du taux de couverture de 2,7 points pour s\u2019\u00e9tablir \u00e0 61%, sous l\u2019effet de la hausse des exportations \u00e0 un rythme (+23,5%) d\u00e9passant celui des importations (+18,1%), \u00e9volution redevable \u00e0 la reprise progressive de plusieurs branches d\u2019activit\u00e9s exportatrices, notamment, l\u2019automobile, les d\u00e9riv\u00e9s de phosphates, le textile et cuir, l\u2019\u00e9lectronique et \u00e9lectricit\u00e9 et l\u2019industrie alimentaire.<\/p>\n<p>Au niveau des finances publiques, l\u2019ex\u00e9cution de la Loi de Finances 2021 \u00e0 fin juin fait ressortir un l\u00e9ger creusement du d\u00e9ficit budg\u00e9taire de 1,7% pour se situer \u00e0 29,5 milliards de dirhams, r\u00e9sultant, particuli\u00e8rement, de l\u2019effet conjoint de la hausse des recettes ordinaires (+9,9%) et des d\u00e9penses ordinaires (+5,4%), parall\u00e8lement au recul de l\u2019exc\u00e9dent des comptes sp\u00e9ciaux du Tr\u00e9sor (-30,1%).<\/p>\n<p>En mati\u00e8re du financement de l\u2019\u00e9conomie, la croissance des cr\u00e9dits bancaires a ralenti \u00e0 +2,5% \u00e0 fin mai 2021 apr\u00e8s +6,5% l\u2019ann\u00e9e pr\u00e9c\u00e9dente, incorporant, toutefois, une acc\u00e9l\u00e9ration des cr\u00e9dits accord\u00e9s aux m\u00e9nages (+5,8% apr\u00e8s +1,7%). Les indices boursiers MASI et MADEX, quant-\u00e0-eux, ont poursuivi leur tendance haussi\u00e8re \u00e0 fin juin 2021, enregistrant des hausses respectives de 9,9% et 9,8% par rapport \u00e0 fin d\u00e9cembre 2020.<\/p>\n<\/div>\n<p>Auteur: ALM<br \/>\n<a href=\"https:\/\/aujourdhui.ma\/economie\/la-depf-toujours-optimiste-lactivite-economique-en-retablissement-progressif\">Cliquez ici pour lire l&rsquo;article depuis sa source.<\/a><\/p>\n","protected":false},"excerpt":{"rendered":"<p>La DEPF (direction des \u00e9tudes et des pr\u00e9visions financi\u00e8res) est toujours optimiste pour 2021. Pour le reste de l\u2019ann\u00e9e, la direction pr\u00e9cise, dans sa note de conjoncture de juillet courant, que \u00ab les perspectives d\u2019un rebond de l\u2019activit\u00e9 \u00e9conomique mondiale et du commerce international se confirment davantage au cours de l\u2019ann\u00e9e 2021 \u00bb. Aper\u00e7u du [&hellip;]<\/p>\n","protected":false},"author":1759,"featured_media":0,"comment_status":"closed","ping_status":"closed","sticky":false,"template":"","format":"standard","meta":{"fifu_image_url":"https:\/\/aujourdhui.ma\/wp-content\/uploads\/2020\/06\/ministere-de-leconomie-300x153.jpg","fifu_image_alt":"La DEPF toujours optimiste : L\u2019activit\u00e9 \u00e9conomique en r\u00e9tablissement progressif","footnotes":""},"categories":[73,54],"tags":[],"class_list":["post-122157","post","type-post","status-publish","format-standard","hentry","category-actualite","category-maroc"],"_links":{"self":[{"href":"https:\/\/linitiative.ca\/International\/wp-json\/wp\/v2\/posts\/122157","targetHints":{"allow":["GET"]}}],"collection":[{"href":"https:\/\/linitiative.ca\/International\/wp-json\/wp\/v2\/posts"}],"about":[{"href":"https:\/\/linitiative.ca\/International\/wp-json\/wp\/v2\/types\/post"}],"author":[{"embeddable":true,"href":"https:\/\/linitiative.ca\/International\/wp-json\/wp\/v2\/users\/1759"}],"replies":[{"embeddable":true,"href":"https:\/\/linitiative.ca\/International\/wp-json\/wp\/v2\/comments?post=122157"}],"version-history":[{"count":0,"href":"https:\/\/linitiative.ca\/International\/wp-json\/wp\/v2\/posts\/122157\/revisions"}],"wp:attachment":[{"href":"https:\/\/linitiative.ca\/International\/wp-json\/wp\/v2\/media?parent=122157"}],"wp:term":[{"taxonomy":"category","embeddable":true,"href":"https:\/\/linitiative.ca\/International\/wp-json\/wp\/v2\/categories?post=122157"},{"taxonomy":"post_tag","embeddable":true,"href":"https:\/\/linitiative.ca\/International\/wp-json\/wp\/v2\/tags?post=122157"}],"curies":[{"name":"wp","href":"https:\/\/api.w.org\/{rel}","templated":true}]}}