{"id":122163,"date":"2021-07-23T11:02:23","date_gmt":"2021-07-23T15:02:23","guid":{"rendered":"https:\/\/linitiative.ca\/International\/sm-le-roi-mohammed-vi-approuve-la-nomination-de-responsables-judiciaires\/"},"modified":"2021-07-23T11:02:23","modified_gmt":"2021-07-23T15:02:23","slug":"sm-le-roi-mohammed-vi-approuve-la-nomination-de-responsables-judiciaires","status":"publish","type":"post","link":"https:\/\/linitiative.ca\/International\/sm-le-roi-mohammed-vi-approuve-la-nomination-de-responsables-judiciaires\/","title":{"rendered":"SM le Roi Mohammed VI approuve la nomination de responsables judiciaires"},"content":{"rendered":"<div>\n<p><img decoding=\"async\" width=\"300\" height=\"153\" src=\"https:\/\/linitiative.ca\/International\/wp-content\/uploads\/sites\/23\/2021\/07\/Portrait-SM-le-Roi-Mohamme-VIJellaba-300x153-1.jpg\" class=\"attachment-medium size-medium wp-post-image\" alt=\"\" loading=\"lazy\" srcset=\"\/\/aujourdhui.ma\/wp-content\/uploads\/2021\/07\/Portrait-SM-le-Roi-Mohamme-VIJellaba-300x153.jpg 300w, \/\/aujourdhui.ma\/wp-content\/uploads\/2021\/07\/Portrait-SM-le-Roi-Mohamme-VIJellaba-274x140.jpg 274w, \/\/aujourdhui.ma\/wp-content\/uploads\/2021\/07\/Portrait-SM-le-Roi-Mohamme-VIJellaba.jpg 746w, \/\/aujourdhui.ma\/wp-content\/uploads\/2021\/07\/Portrait-SM-le-Roi-Mohamme-VIJellaba-165x84.jpg 165w, \/\/aujourdhui.ma\/wp-content\/uploads\/2021\/07\/Portrait-SM-le-Roi-Mohamme-VIJellaba-702x358.jpg 702w\" sizes=\"auto, (max-width: 300px) 100vw, 300px\"><\/p>\n<p><span style=\"color: #800000;\"><strong>Sa Majest\u00e9 le Roi Mohammed VI, Pr\u00e9sident du Conseil sup\u00e9rieur du pouvoir judiciaire a donn\u00e9 son approbation Royale pour la nomination de responsables judiciaires dans plusieurs juridictions du Royaume.<\/strong><\/span><br \/>\n<span style=\"color: #800000;\"><span id=\"more-382395\"><\/span><\/span><\/p>\n<p>Ces nominations concernent 104 fonctions de responsabilit\u00e9 judiciaire, soit 46,22% de l\u2019ensemble des responsabilit\u00e9s judiciaires, a indiqu\u00e9 un communiqu\u00e9 du Conseil sup\u00e9rieur du pouvoir judiciaire.<\/p>\n<p>A cet effet, 47 magistrats se sont vu attribuer des postes de responsabilit\u00e9 pour la premi\u00e8re fois, tandis que trois autres en occupaient d\u00e9j\u00e0 auparavant.<\/p>\n<\/div>\n<p>Auteur: ALM<br \/>\n<a href=\"https:\/\/aujourdhui.ma\/actualite\/sm-le-roi-mohammed-vi-approuve-la-nomination-de-responsables-judiciaires\">Cliquez ici pour lire l&rsquo;article depuis sa source.<\/a><\/p>\n","protected":false},"excerpt":{"rendered":"<p>Sa Majest\u00e9 le Roi Mohammed VI, Pr\u00e9sident du Conseil sup\u00e9rieur du pouvoir judiciaire a donn\u00e9 son approbation Royale pour la nomination de responsables judiciaires dans plusieurs juridictions du Royaume. Ces nominations concernent 104 fonctions de responsabilit\u00e9 judiciaire, soit 46,22% de l\u2019ensemble des responsabilit\u00e9s judiciaires, a indiqu\u00e9 un communiqu\u00e9 du Conseil sup\u00e9rieur du pouvoir judiciaire. A [&hellip;]<\/p>\n","protected":false},"author":1759,"featured_media":0,"comment_status":"closed","ping_status":"closed","sticky":false,"template":"","format":"standard","meta":{"fifu_image_url":"https:\/\/aujourdhui.ma\/wp-content\/uploads\/2021\/07\/Portrait-SM-le-Roi-Mohamme-VIJellaba-300x153.jpg","fifu_image_alt":"SM le Roi Mohammed VI approuve la nomination de responsables judiciaires","footnotes":""},"categories":[73,54],"tags":[],"class_list":["post-122163","post","type-post","status-publish","format-standard","hentry","category-actualite","category-maroc"],"_links":{"self":[{"href":"https:\/\/linitiative.ca\/International\/wp-json\/wp\/v2\/posts\/122163","targetHints":{"allow":["GET"]}}],"collection":[{"href":"https:\/\/linitiative.ca\/International\/wp-json\/wp\/v2\/posts"}],"about":[{"href":"https:\/\/linitiative.ca\/International\/wp-json\/wp\/v2\/types\/post"}],"author":[{"embeddable":true,"href":"https:\/\/linitiative.ca\/International\/wp-json\/wp\/v2\/users\/1759"}],"replies":[{"embeddable":true,"href":"https:\/\/linitiative.ca\/International\/wp-json\/wp\/v2\/comments?post=122163"}],"version-history":[{"count":0,"href":"https:\/\/linitiative.ca\/International\/wp-json\/wp\/v2\/posts\/122163\/revisions"}],"wp:attachment":[{"href":"https:\/\/linitiative.ca\/International\/wp-json\/wp\/v2\/media?parent=122163"}],"wp:term":[{"taxonomy":"category","embeddable":true,"href":"https:\/\/linitiative.ca\/International\/wp-json\/wp\/v2\/categories?post=122163"},{"taxonomy":"post_tag","embeddable":true,"href":"https:\/\/linitiative.ca\/International\/wp-json\/wp\/v2\/tags?post=122163"}],"curies":[{"name":"wp","href":"https:\/\/api.w.org\/{rel}","templated":true}]}}