{"id":122174,"date":"2021-07-23T10:49:25","date_gmt":"2021-07-23T14:49:25","guid":{"rendered":"https:\/\/linitiative.ca\/International\/btp-les-ventes-de-ciment-progressent-de-244-a-fin-juin-depf\/"},"modified":"2021-07-23T10:49:25","modified_gmt":"2021-07-23T14:49:25","slug":"btp-les-ventes-de-ciment-progressent-de-244-a-fin-juin-depf","status":"publish","type":"post","link":"https:\/\/linitiative.ca\/International\/btp-les-ventes-de-ciment-progressent-de-244-a-fin-juin-depf\/","title":{"rendered":"BTP: Les ventes de ciment progressent de 24,4% \u00e0 fin juin (DEPF)"},"content":{"rendered":"<div>\n<div class=\"field field-name-body field-type-text-with-summary field-label-hidden\">\n<div class=\"field-items\">\n<div class=\"field-item even\" property=\"content:encoded\">\n<p class=\"rtejustify\">Les ventes de ciment, principal barom\u00e8tre du secteur du b\u00e2timent et travaux publics (BTP), ont augment\u00e9, en glissement annuel, de 24,4% \u00e0 fin juin 2021, selon la Direction des \u00e9tudes et des pr\u00e9visions financi\u00e8res (DEPF).<\/p>\n<\/div>\n<\/div>\n<\/div>\n<\/div>\n<p>Auteur: mbasraoui<br \/>\n<a href=\"https:\/\/www.leconomiste.com\/flash-infos\/btp-les-ventes-de-ciment-progressent-de-24-4-fin-juin-depf\">Cliquez ici pour lire l&rsquo;article depuis sa source.<\/a><\/p>\n","protected":false},"excerpt":{"rendered":"<p>Les ventes de ciment, principal barom\u00e8tre du secteur du b\u00e2timent et travaux publics (BTP), ont augment\u00e9, en glissement annuel, de 24,4% \u00e0 fin juin 2021, selon la Direction des \u00e9tudes et des pr\u00e9visions financi\u00e8res (DEPF). Auteur: mbasraoui Cliquez ici pour lire l&rsquo;article depuis sa source.<\/p>\n","protected":false},"author":1763,"featured_media":0,"comment_status":"closed","ping_status":"closed","sticky":false,"template":"","format":"standard","meta":{"fifu_image_url":"","fifu_image_alt":"","footnotes":""},"categories":[78,54],"tags":[],"class_list":["post-122174","post","type-post","status-publish","format-standard","hentry","category-economie","category-maroc"],"_links":{"self":[{"href":"https:\/\/linitiative.ca\/International\/wp-json\/wp\/v2\/posts\/122174","targetHints":{"allow":["GET"]}}],"collection":[{"href":"https:\/\/linitiative.ca\/International\/wp-json\/wp\/v2\/posts"}],"about":[{"href":"https:\/\/linitiative.ca\/International\/wp-json\/wp\/v2\/types\/post"}],"author":[{"embeddable":true,"href":"https:\/\/linitiative.ca\/International\/wp-json\/wp\/v2\/users\/1763"}],"replies":[{"embeddable":true,"href":"https:\/\/linitiative.ca\/International\/wp-json\/wp\/v2\/comments?post=122174"}],"version-history":[{"count":0,"href":"https:\/\/linitiative.ca\/International\/wp-json\/wp\/v2\/posts\/122174\/revisions"}],"wp:attachment":[{"href":"https:\/\/linitiative.ca\/International\/wp-json\/wp\/v2\/media?parent=122174"}],"wp:term":[{"taxonomy":"category","embeddable":true,"href":"https:\/\/linitiative.ca\/International\/wp-json\/wp\/v2\/categories?post=122174"},{"taxonomy":"post_tag","embeddable":true,"href":"https:\/\/linitiative.ca\/International\/wp-json\/wp\/v2\/tags?post=122174"}],"curies":[{"name":"wp","href":"https:\/\/api.w.org\/{rel}","templated":true}]}}