{"id":122177,"date":"2021-07-23T14:40:33","date_gmt":"2021-07-23T18:40:33","guid":{"rendered":"https:\/\/linitiative.ca\/International\/covid-casablanca-la-hausse-des-cas-actifs-inquiete-la-wilaya-de-la-region\/"},"modified":"2021-07-23T14:40:33","modified_gmt":"2021-07-23T18:40:33","slug":"covid-casablanca-la-hausse-des-cas-actifs-inquiete-la-wilaya-de-la-region","status":"publish","type":"post","link":"https:\/\/linitiative.ca\/International\/covid-casablanca-la-hausse-des-cas-actifs-inquiete-la-wilaya-de-la-region\/","title":{"rendered":"Covid-Casablanca : La hausse des cas actifs inqui\u00e8te la Wilaya de la R\u00e9gion"},"content":{"rendered":"<div>\n<div class=\"field field-name-body field-type-text-with-summary field-label-hidden\">\n<div class=\"field-items\">\n<div class=\"field-item even\" property=\"content:encoded\">\n<p class=\"rtejustify\"><em>Devant l\u2019\u00e9volution inqui\u00e9tante de la situation \u00e9pid\u00e9miologique due particuli\u00e8rement aux nouveaux variants du coronavirus, la Wilaya de la R\u00e9gion de Casablanca-Settat appelle la population au maintien de la vigilance et de la mobilisation individuelle et collective face \u00e0 la propagation rapide de la pand\u00e9mie de Covid19. <\/em><\/p>\n<p class=\"rtejustify\"><strong>Pour se prot\u00e9ger, il faudra se faire vacciner : <\/strong><\/p>\n<\/div>\n<\/div>\n<\/div>\n<\/div>\n<p>Auteur: mbasraoui<br \/>\n<a href=\"https:\/\/www.leconomiste.com\/flash-infos\/covid-casablanca-la-hausse-des-cas-actifs-inquiete-la-wilaya-de-la-region\">Cliquez ici pour lire l&rsquo;article depuis sa source.<\/a><\/p>\n","protected":false},"excerpt":{"rendered":"<p>Devant l\u2019\u00e9volution inqui\u00e9tante de la situation \u00e9pid\u00e9miologique due particuli\u00e8rement aux nouveaux variants du coronavirus, la Wilaya de la R\u00e9gion de Casablanca-Settat appelle la population au maintien de la vigilance et de la mobilisation individuelle et collective face \u00e0 la propagation rapide de la pand\u00e9mie de Covid19. Pour se prot\u00e9ger, il faudra se faire vacciner : [&hellip;]<\/p>\n","protected":false},"author":1763,"featured_media":0,"comment_status":"closed","ping_status":"closed","sticky":false,"template":"","format":"standard","meta":{"fifu_image_url":"","fifu_image_alt":"","footnotes":""},"categories":[78,54],"tags":[],"class_list":["post-122177","post","type-post","status-publish","format-standard","hentry","category-economie","category-maroc"],"_links":{"self":[{"href":"https:\/\/linitiative.ca\/International\/wp-json\/wp\/v2\/posts\/122177","targetHints":{"allow":["GET"]}}],"collection":[{"href":"https:\/\/linitiative.ca\/International\/wp-json\/wp\/v2\/posts"}],"about":[{"href":"https:\/\/linitiative.ca\/International\/wp-json\/wp\/v2\/types\/post"}],"author":[{"embeddable":true,"href":"https:\/\/linitiative.ca\/International\/wp-json\/wp\/v2\/users\/1763"}],"replies":[{"embeddable":true,"href":"https:\/\/linitiative.ca\/International\/wp-json\/wp\/v2\/comments?post=122177"}],"version-history":[{"count":0,"href":"https:\/\/linitiative.ca\/International\/wp-json\/wp\/v2\/posts\/122177\/revisions"}],"wp:attachment":[{"href":"https:\/\/linitiative.ca\/International\/wp-json\/wp\/v2\/media?parent=122177"}],"wp:term":[{"taxonomy":"category","embeddable":true,"href":"https:\/\/linitiative.ca\/International\/wp-json\/wp\/v2\/categories?post=122177"},{"taxonomy":"post_tag","embeddable":true,"href":"https:\/\/linitiative.ca\/International\/wp-json\/wp\/v2\/tags?post=122177"}],"curies":[{"name":"wp","href":"https:\/\/api.w.org\/{rel}","templated":true}]}}