{"id":122182,"date":"2021-07-23T04:14:00","date_gmt":"2021-07-23T08:14:00","guid":{"rendered":"https:\/\/linitiative.ca\/International\/ammar-mahjoubi-lhistoire-auguste-et-la-vie-de-septime-severe\/"},"modified":"2021-07-23T04:14:00","modified_gmt":"2021-07-23T08:14:00","slug":"ammar-mahjoubi-lhistoire-auguste-et-la-vie-de-septime-severe","status":"publish","type":"post","link":"https:\/\/linitiative.ca\/International\/ammar-mahjoubi-lhistoire-auguste-et-la-vie-de-septime-severe\/","title":{"rendered":"Ammar Mahjoubi: L\u2019\u00abHistoire Auguste\u00bb et \u00abla Vie de Septime S\u00e9v\u00e8re\u00bb"},"content":{"rendered":"<div><img decoding=\"async\" src=\"https:\/\/linitiative.ca\/International\/wp-content\/uploads\/sites\/23\/2021\/07\/1627028980_article.jpg\" alt=\"Ammar Mahjoubi: L\u2019\u00abHistoire Auguste\u00bb et \u00abla Vie de Septime S\u00e9v\u00e8re\u00bb\" align=\"left\">Depuis Tacite et son livre sur la \u00abVie d\u2019Agricola\u00bb, qu\u2019il \u00e9crivit en 98, la \u00abgrande histoire\u00bb narrative, celle de Salluste et de Tite Live, \u00e9tait en passe d\u2019\u00eatre condamn\u00e9e ; si bien que lorsque Su\u00e9tone \u00abpublia\u00bb ses \u00abVies des Douze C\u00e9sars\u00bb, dans la premi\u00e8re moiti\u00e9 du IIe si\u00e8cle, l\u2019Histoire, \u00e0 Rome, s\u2019engagea franchement dans la voie de la biographie. C.Suetonius Tranquillus ne faisait, du reste, que suivre l\u2019exemple contemporain du grec Plutarque, tout en l\u2019enrichissant d\u2019un souci d\u2019\u00e9rudition.<br \/>\nEn mati\u00e8re de composition, on peut ais\u00e9ment r\u00e9sumer la m\u00e9thode de ce genre biographique. Il suivait constamment les m\u00eames r\u00e8gles g\u00e9n\u00e9rales, conform\u00e9ment &#8230;<\/p>\n<\/div>\n<p>Auteur:<br \/>\n<a href=\"https:\/\/www.leaders.com.tn\/article\/32185-ammar-mahjoubi-l-histoire-auguste-et-la-vie-de-septime-severe\">Cliquez ici pour lire l&rsquo;article depuis sa source.<\/a><\/p>\n","protected":false},"excerpt":{"rendered":"<p>Depuis Tacite et son livre sur la \u00abVie d\u2019Agricola\u00bb, qu\u2019il \u00e9crivit en 98, la \u00abgrande histoire\u00bb narrative, celle de Salluste et de Tite Live, \u00e9tait en passe d\u2019\u00eatre condamn\u00e9e ; si bien que lorsque Su\u00e9tone \u00abpublia\u00bb ses \u00abVies des Douze C\u00e9sars\u00bb, dans la premi\u00e8re moiti\u00e9 du IIe si\u00e8cle, l\u2019Histoire, \u00e0 Rome, s\u2019engagea franchement dans la [&hellip;]<\/p>\n","protected":false},"author":1772,"featured_media":0,"comment_status":"closed","ping_status":"closed","sticky":false,"template":"","format":"standard","meta":{"fifu_image_url":"http:\/\/www.leaders.com.tn\/uploads\/content\/thumbnails_small\/1627028980_article.jpg","fifu_image_alt":"Ammar Mahjoubi: L\u2019\u00abHistoire Auguste\u00bb et \u00abla Vie de Septime S\u00e9v\u00e8re\u00bb","footnotes":""},"categories":[73,55],"tags":[],"class_list":["post-122182","post","type-post","status-publish","format-standard","hentry","category-actualite","category-tunisie"],"_links":{"self":[{"href":"https:\/\/linitiative.ca\/International\/wp-json\/wp\/v2\/posts\/122182","targetHints":{"allow":["GET"]}}],"collection":[{"href":"https:\/\/linitiative.ca\/International\/wp-json\/wp\/v2\/posts"}],"about":[{"href":"https:\/\/linitiative.ca\/International\/wp-json\/wp\/v2\/types\/post"}],"author":[{"embeddable":true,"href":"https:\/\/linitiative.ca\/International\/wp-json\/wp\/v2\/users\/1772"}],"replies":[{"embeddable":true,"href":"https:\/\/linitiative.ca\/International\/wp-json\/wp\/v2\/comments?post=122182"}],"version-history":[{"count":0,"href":"https:\/\/linitiative.ca\/International\/wp-json\/wp\/v2\/posts\/122182\/revisions"}],"wp:attachment":[{"href":"https:\/\/linitiative.ca\/International\/wp-json\/wp\/v2\/media?parent=122182"}],"wp:term":[{"taxonomy":"category","embeddable":true,"href":"https:\/\/linitiative.ca\/International\/wp-json\/wp\/v2\/categories?post=122182"},{"taxonomy":"post_tag","embeddable":true,"href":"https:\/\/linitiative.ca\/International\/wp-json\/wp\/v2\/tags?post=122182"}],"curies":[{"name":"wp","href":"https:\/\/api.w.org\/{rel}","templated":true}]}}