{"id":122184,"date":"2021-07-23T04:45:00","date_gmt":"2021-07-23T08:45:00","guid":{"rendered":"https:\/\/linitiative.ca\/International\/habib-essid-en-bonne-sante\/"},"modified":"2021-07-23T04:45:00","modified_gmt":"2021-07-23T08:45:00","slug":"habib-essid-en-bonne-sante","status":"publish","type":"post","link":"https:\/\/linitiative.ca\/International\/habib-essid-en-bonne-sante\/","title":{"rendered":"Habib Essid en bonne sant\u00e9"},"content":{"rendered":"<div><img decoding=\"async\" src=\"https:\/\/linitiative.ca\/International\/wp-content\/uploads\/sites\/23\/2021\/07\/1627026337_article.jpg\" alt=\"Habib Essid en bonne sant\u00e9\" align=\"left\">L\u2019ancien chef du gouvernement Habib Essid garde la forme, contrairement \u00e0 des rumeurs persistantes quant \u00e0 la grave d\u00e9t\u00e9rioration de son \u00e9tat de sant\u00e9, voire-m\u00eame son d\u00e9c\u00e8s.\u00a0 Des sources proches de sa famille ont confirm\u00e9 \u00e0 Leaders, qu\u2019il \u00ab se remet convenablement de l\u2019accident vasculaire c\u00e9r\u00e9bral dont il avait \u00e9t\u00e9 victime. Il poursuit sa bonne convalescence, recevant parents et amis \u00bb. Avec sa bonne humeur naturelle, sans doute.<br \/>\n\u00a0<\/p>\n<\/div>\n<p>Auteur:<br \/>\n<a href=\"https:\/\/www.leaders.com.tn\/article\/32187-habib-essid-en-bonne-sante\">Cliquez ici pour lire l&rsquo;article depuis sa source.<\/a><\/p>\n","protected":false},"excerpt":{"rendered":"<p>L\u2019ancien chef du gouvernement Habib Essid garde la forme, contrairement \u00e0 des rumeurs persistantes quant \u00e0 la grave d\u00e9t\u00e9rioration de son \u00e9tat de sant\u00e9, voire-m\u00eame son d\u00e9c\u00e8s.\u00a0 Des sources proches de sa famille ont confirm\u00e9 \u00e0 Leaders, qu\u2019il \u00ab se remet convenablement de l\u2019accident vasculaire c\u00e9r\u00e9bral dont il avait \u00e9t\u00e9 victime. Il poursuit sa bonne [&hellip;]<\/p>\n","protected":false},"author":1772,"featured_media":0,"comment_status":"closed","ping_status":"closed","sticky":false,"template":"","format":"standard","meta":{"fifu_image_url":"http:\/\/www.leaders.com.tn\/uploads\/content\/thumbnails_small\/1627026337_article.jpg","fifu_image_alt":"Habib Essid en bonne sant\u00e9","footnotes":""},"categories":[73,55],"tags":[],"class_list":["post-122184","post","type-post","status-publish","format-standard","hentry","category-actualite","category-tunisie"],"_links":{"self":[{"href":"https:\/\/linitiative.ca\/International\/wp-json\/wp\/v2\/posts\/122184","targetHints":{"allow":["GET"]}}],"collection":[{"href":"https:\/\/linitiative.ca\/International\/wp-json\/wp\/v2\/posts"}],"about":[{"href":"https:\/\/linitiative.ca\/International\/wp-json\/wp\/v2\/types\/post"}],"author":[{"embeddable":true,"href":"https:\/\/linitiative.ca\/International\/wp-json\/wp\/v2\/users\/1772"}],"replies":[{"embeddable":true,"href":"https:\/\/linitiative.ca\/International\/wp-json\/wp\/v2\/comments?post=122184"}],"version-history":[{"count":0,"href":"https:\/\/linitiative.ca\/International\/wp-json\/wp\/v2\/posts\/122184\/revisions"}],"wp:attachment":[{"href":"https:\/\/linitiative.ca\/International\/wp-json\/wp\/v2\/media?parent=122184"}],"wp:term":[{"taxonomy":"category","embeddable":true,"href":"https:\/\/linitiative.ca\/International\/wp-json\/wp\/v2\/categories?post=122184"},{"taxonomy":"post_tag","embeddable":true,"href":"https:\/\/linitiative.ca\/International\/wp-json\/wp\/v2\/tags?post=122184"}],"curies":[{"name":"wp","href":"https:\/\/api.w.org\/{rel}","templated":true}]}}