{"id":122186,"date":"2021-07-23T15:24:00","date_gmt":"2021-07-23T19:24:00","guid":{"rendered":"https:\/\/linitiative.ca\/International\/la-loi-de-relance-economique-sera-t-elle-non-promulguee-la-banque-centrale-de-tunisie-met-en-garde-contre-ses-consequences\/"},"modified":"2021-07-23T15:24:00","modified_gmt":"2021-07-23T19:24:00","slug":"la-loi-de-relance-economique-sera-t-elle-non-promulguee-la-banque-centrale-de-tunisie-met-en-garde-contre-ses-consequences","status":"publish","type":"post","link":"https:\/\/linitiative.ca\/International\/la-loi-de-relance-economique-sera-t-elle-non-promulguee-la-banque-centrale-de-tunisie-met-en-garde-contre-ses-consequences\/","title":{"rendered":"La loi de \u00ab relance \u00e9conomique \u00bb sera-t-elle non-promulgu\u00e9e? La Banque centrale de Tunisie met en garde contre ses cons\u00e9quences"},"content":{"rendered":"<div><img decoding=\"async\" src=\"https:\/\/linitiative.ca\/International\/wp-content\/uploads\/sites\/23\/2021\/07\/1627064646_article.jpg\" alt=\"La loi de \u00ab relance \u00e9conomique \u00bb sera-t-elle non-promulgu\u00e9e? La Banque centrale de Tunisie met en garde contre ses cons\u00e9quences\" align=\"left\">Des recours en inconstitutionnalit\u00e9 sont d\u00e9pos\u00e9s. Faute de non aboutissement, Kais Sa\u00efed usera-t-il de ses pr\u00e9rogatives pour ne pas promulguer la loi relative \u00e0 la relance de l\u2019\u00e9conomie et la r\u00e9gularisation des infractions de change\u00a0? Un message tr\u00e8s clair lui est adress\u00e9 \u00e0 cet effet par la plus grande institution financi\u00e8re et la plus ind\u00e9pendante du pays, la Banque centrale de Tunisie (BCT). Qui en justifie les raisons. Fait in\u00e9dit dans ses annales, le conseil d\u2019administration de la BCT, r\u00e9uni ce vendredi matin \u00e0 titre extraordinaire a d\u00e9cid\u00e9 de demeurer en session \u00ab\u00a0dans l\u2019attente du sort des proc\u00e9dures constitutionnelles et juridiques en cours concernant ce &#8230;<\/p>\n<\/div>\n<p>Auteur:<br \/>\n<a href=\"https:\/\/www.leaders.com.tn\/article\/32190-la-loi-de-relance-economique-sera-t-elle-non-promulguee-la-banque-centrale-de-tunisie-met-en-garde-contre-ses-consequences\">Cliquez ici pour lire l&rsquo;article depuis sa source.<\/a><\/p>\n","protected":false},"excerpt":{"rendered":"<p>Des recours en inconstitutionnalit\u00e9 sont d\u00e9pos\u00e9s. Faute de non aboutissement, Kais Sa\u00efed usera-t-il de ses pr\u00e9rogatives pour ne pas promulguer la loi relative \u00e0 la relance de l\u2019\u00e9conomie et la r\u00e9gularisation des infractions de change\u00a0? Un message tr\u00e8s clair lui est adress\u00e9 \u00e0 cet effet par la plus grande institution financi\u00e8re et la plus ind\u00e9pendante [&hellip;]<\/p>\n","protected":false},"author":1772,"featured_media":0,"comment_status":"closed","ping_status":"closed","sticky":false,"template":"","format":"standard","meta":{"fifu_image_url":"http:\/\/www.leaders.com.tn\/uploads\/content\/thumbnails_small\/1627064646_article.jpg","fifu_image_alt":"La loi de \u00ab relance \u00e9conomique \u00bb sera-t-elle non-promulgu\u00e9e? La Banque centrale de Tunisie met en garde contre ses cons\u00e9quences","footnotes":""},"categories":[73,55],"tags":[],"class_list":["post-122186","post","type-post","status-publish","format-standard","hentry","category-actualite","category-tunisie"],"_links":{"self":[{"href":"https:\/\/linitiative.ca\/International\/wp-json\/wp\/v2\/posts\/122186","targetHints":{"allow":["GET"]}}],"collection":[{"href":"https:\/\/linitiative.ca\/International\/wp-json\/wp\/v2\/posts"}],"about":[{"href":"https:\/\/linitiative.ca\/International\/wp-json\/wp\/v2\/types\/post"}],"author":[{"embeddable":true,"href":"https:\/\/linitiative.ca\/International\/wp-json\/wp\/v2\/users\/1772"}],"replies":[{"embeddable":true,"href":"https:\/\/linitiative.ca\/International\/wp-json\/wp\/v2\/comments?post=122186"}],"version-history":[{"count":0,"href":"https:\/\/linitiative.ca\/International\/wp-json\/wp\/v2\/posts\/122186\/revisions"}],"wp:attachment":[{"href":"https:\/\/linitiative.ca\/International\/wp-json\/wp\/v2\/media?parent=122186"}],"wp:term":[{"taxonomy":"category","embeddable":true,"href":"https:\/\/linitiative.ca\/International\/wp-json\/wp\/v2\/categories?post=122186"},{"taxonomy":"post_tag","embeddable":true,"href":"https:\/\/linitiative.ca\/International\/wp-json\/wp\/v2\/tags?post=122186"}],"curies":[{"name":"wp","href":"https:\/\/api.w.org\/{rel}","templated":true}]}}