{"id":122192,"date":"2021-07-23T14:13:48","date_gmt":"2021-07-23T18:13:48","guid":{"rendered":"https:\/\/linitiative.ca\/International\/la-marine-royale-porte-secours-en-mediterranee-a-368-candidats-a-la-migration-irreguliere\/"},"modified":"2021-07-23T14:13:48","modified_gmt":"2021-07-23T18:13:48","slug":"la-marine-royale-porte-secours-en-mediterranee-a-368-candidats-a-la-migration-irreguliere","status":"publish","type":"post","link":"https:\/\/linitiative.ca\/International\/la-marine-royale-porte-secours-en-mediterranee-a-368-candidats-a-la-migration-irreguliere\/","title":{"rendered":"La Marine royale porte secours en M\u00e9diterran\u00e9e \u00e0 368 candidats \u00e0 la migration irr\u00e9guli\u00e8re"},"content":{"rendered":"<div><img decoding=\"async\" width=\"900\" height=\"501\" src=\"https:\/\/linitiative.ca\/International\/wp-content\/uploads\/sites\/23\/2021\/07\/marine.jpg\" class=\"attachment-post-thumbnail size-post-thumbnail wp-post-image\" alt=\"\" loading=\"lazy\" srcset=\"https:\/\/linitiative.ca\/International\/wp-content\/uploads\/sites\/23\/2021\/07\/marine.jpg 900w, https:\/\/www.challenge.ma\/wp-content\/uploads\/2021\/07\/marine-300x167.jpg 300w, https:\/\/www.challenge.ma\/wp-content\/uploads\/2021\/07\/marine-768x428.jpg 768w, https:\/\/www.challenge.ma\/wp-content\/uploads\/2021\/07\/marine-360x200.jpg 360w, https:\/\/www.challenge.ma\/wp-content\/uploads\/2021\/07\/marine-750x418.jpg 750w\" sizes=\"auto, (max-width: 900px) 100vw, 900px\" itemprop=\"image\">\u00a0De plus en plus de migrants irr\u00e9guliers s\u2019abattent sur les fronti\u00e8res et tentent de passer au del\u00e0 de ces fronti\u00e8res terrestres. Pour la plupart d\u2019entre eux, ce p\u00e9riple est synonyme de danger ou de quasi-suicide. D\u2019apr\u00e8s une source militaire, les garde-c\u00f4tes de la Marine Royale, op\u00e9rant en M\u00e9diterran\u00e9e, ont effectu\u00e9<\/div>\n<p>Auteur: challenge<br \/>\n<a href=\"https:\/\/www.challenge.ma\/la-marine-royale-porte-secours-en-mediterranee-a-368-candidats-a-la-migration-irreguliere-193584\/\">Cliquez ici pour lire l&rsquo;article depuis sa source.<\/a><\/p>\n","protected":false},"excerpt":{"rendered":"<p>\u00a0De plus en plus de migrants irr\u00e9guliers s\u2019abattent sur les fronti\u00e8res et tentent de passer au del\u00e0 de ces fronti\u00e8res terrestres. Pour la plupart d\u2019entre eux, ce p\u00e9riple est synonyme de danger ou de quasi-suicide. D\u2019apr\u00e8s une source militaire, les garde-c\u00f4tes de la Marine Royale, op\u00e9rant en M\u00e9diterran\u00e9e, ont effectu\u00e9 Auteur: challenge Cliquez ici pour [&hellip;]<\/p>\n","protected":false},"author":1787,"featured_media":0,"comment_status":"closed","ping_status":"closed","sticky":false,"template":"","format":"standard","meta":{"fifu_image_url":"https:\/\/www.challenge.ma\/wp-content\/uploads\/2021\/07\/marine.jpg","fifu_image_alt":"La Marine royale porte secours en M\u00e9diterran\u00e9e \u00e0 368 candidats \u00e0 la migration irr\u00e9guli\u00e8re","footnotes":""},"categories":[78,54],"tags":[],"class_list":["post-122192","post","type-post","status-publish","format-standard","hentry","category-economie","category-maroc"],"_links":{"self":[{"href":"https:\/\/linitiative.ca\/International\/wp-json\/wp\/v2\/posts\/122192","targetHints":{"allow":["GET"]}}],"collection":[{"href":"https:\/\/linitiative.ca\/International\/wp-json\/wp\/v2\/posts"}],"about":[{"href":"https:\/\/linitiative.ca\/International\/wp-json\/wp\/v2\/types\/post"}],"author":[{"embeddable":true,"href":"https:\/\/linitiative.ca\/International\/wp-json\/wp\/v2\/users\/1787"}],"replies":[{"embeddable":true,"href":"https:\/\/linitiative.ca\/International\/wp-json\/wp\/v2\/comments?post=122192"}],"version-history":[{"count":0,"href":"https:\/\/linitiative.ca\/International\/wp-json\/wp\/v2\/posts\/122192\/revisions"}],"wp:attachment":[{"href":"https:\/\/linitiative.ca\/International\/wp-json\/wp\/v2\/media?parent=122192"}],"wp:term":[{"taxonomy":"category","embeddable":true,"href":"https:\/\/linitiative.ca\/International\/wp-json\/wp\/v2\/categories?post=122192"},{"taxonomy":"post_tag","embeddable":true,"href":"https:\/\/linitiative.ca\/International\/wp-json\/wp\/v2\/tags?post=122192"}],"curies":[{"name":"wp","href":"https:\/\/api.w.org\/{rel}","templated":true}]}}