{"id":122194,"date":"2021-07-23T14:31:13","date_gmt":"2021-07-23T18:31:13","guid":{"rendered":"https:\/\/linitiative.ca\/International\/covid-la-wilaya-de-casa-settat-appelle-a-la-vigilance\/"},"modified":"2021-07-23T14:31:13","modified_gmt":"2021-07-23T18:31:13","slug":"covid-la-wilaya-de-casa-settat-appelle-a-la-vigilance","status":"publish","type":"post","link":"https:\/\/linitiative.ca\/International\/covid-la-wilaya-de-casa-settat-appelle-a-la-vigilance\/","title":{"rendered":"Covid. La wilaya de Casa-Settat appelle \u00e0 la vigilance"},"content":{"rendered":"<div><img decoding=\"async\" width=\"1000\" height=\"683\" src=\"https:\/\/linitiative.ca\/International\/wp-content\/uploads\/sites\/23\/2021\/07\/casasett-1.jpg\" class=\"attachment-post-thumbnail size-post-thumbnail wp-post-image\" alt=\"\" loading=\"lazy\" srcset=\"https:\/\/linitiative.ca\/International\/wp-content\/uploads\/sites\/23\/2021\/07\/casasett-1.jpg 1000w, https:\/\/www.challenge.ma\/wp-content\/uploads\/2021\/07\/casasett-1-300x205.jpg 300w, https:\/\/www.challenge.ma\/wp-content\/uploads\/2021\/07\/casasett-1-768x525.jpg 768w, https:\/\/www.challenge.ma\/wp-content\/uploads\/2021\/07\/casasett-1-360x246.jpg 360w, https:\/\/www.challenge.ma\/wp-content\/uploads\/2021\/07\/casasett-1-750x512.jpg 750w\" sizes=\"auto, (max-width: 1000px) 100vw, 1000px\" itemprop=\"image\">Devant la croissance impressionnante du nombre de nouveaux cas quotidiens, la wilaya de Casablanca-Settat appelle \u00e0 la vigilance, au respect des gestes barri\u00e8res, \u00e0 accorder des facilit\u00e9s aux salari\u00e9s pour se faire vacciner mais aussi encourage l\u2019adoption du t\u00e9l\u00e9travail si possible. Via un communiqu\u00e9 diffus\u00e9 par la wilaya de Casablanca<\/div>\n<p>Auteur: challenge<br \/>\n<a href=\"https:\/\/www.challenge.ma\/covid-la-wilaya-de-casa-settat-appelle-a-la-vigilance-193593\/\">Cliquez ici pour lire l&rsquo;article depuis sa source.<\/a><\/p>\n","protected":false},"excerpt":{"rendered":"<p>Devant la croissance impressionnante du nombre de nouveaux cas quotidiens, la wilaya de Casablanca-Settat appelle \u00e0 la vigilance, au respect des gestes barri\u00e8res, \u00e0 accorder des facilit\u00e9s aux salari\u00e9s pour se faire vacciner mais aussi encourage l\u2019adoption du t\u00e9l\u00e9travail si possible. Via un communiqu\u00e9 diffus\u00e9 par la wilaya de Casablanca Auteur: challenge Cliquez ici pour [&hellip;]<\/p>\n","protected":false},"author":1787,"featured_media":0,"comment_status":"closed","ping_status":"closed","sticky":false,"template":"","format":"standard","meta":{"fifu_image_url":"https:\/\/www.challenge.ma\/wp-content\/uploads\/2021\/07\/casasett-1.jpg","fifu_image_alt":"Covid. La wilaya de Casa-Settat appelle \u00e0 la vigilance","footnotes":""},"categories":[78,54],"tags":[],"class_list":["post-122194","post","type-post","status-publish","format-standard","hentry","category-economie","category-maroc"],"_links":{"self":[{"href":"https:\/\/linitiative.ca\/International\/wp-json\/wp\/v2\/posts\/122194","targetHints":{"allow":["GET"]}}],"collection":[{"href":"https:\/\/linitiative.ca\/International\/wp-json\/wp\/v2\/posts"}],"about":[{"href":"https:\/\/linitiative.ca\/International\/wp-json\/wp\/v2\/types\/post"}],"author":[{"embeddable":true,"href":"https:\/\/linitiative.ca\/International\/wp-json\/wp\/v2\/users\/1787"}],"replies":[{"embeddable":true,"href":"https:\/\/linitiative.ca\/International\/wp-json\/wp\/v2\/comments?post=122194"}],"version-history":[{"count":0,"href":"https:\/\/linitiative.ca\/International\/wp-json\/wp\/v2\/posts\/122194\/revisions"}],"wp:attachment":[{"href":"https:\/\/linitiative.ca\/International\/wp-json\/wp\/v2\/media?parent=122194"}],"wp:term":[{"taxonomy":"category","embeddable":true,"href":"https:\/\/linitiative.ca\/International\/wp-json\/wp\/v2\/categories?post=122194"},{"taxonomy":"post_tag","embeddable":true,"href":"https:\/\/linitiative.ca\/International\/wp-json\/wp\/v2\/tags?post=122194"}],"curies":[{"name":"wp","href":"https:\/\/api.w.org\/{rel}","templated":true}]}}