{"id":122196,"date":"2021-07-23T17:00:56","date_gmt":"2021-07-23T21:00:56","guid":{"rendered":"https:\/\/linitiative.ca\/International\/israel-rejoint-lunion-africaine-en-tant-quobservateur-apres-en-avoir-ete-exclu-pendant-deux-decennies\/"},"modified":"2021-07-23T17:00:56","modified_gmt":"2021-07-23T21:00:56","slug":"israel-rejoint-lunion-africaine-en-tant-quobservateur-apres-en-avoir-ete-exclu-pendant-deux-decennies","status":"publish","type":"post","link":"https:\/\/linitiative.ca\/International\/israel-rejoint-lunion-africaine-en-tant-quobservateur-apres-en-avoir-ete-exclu-pendant-deux-decennies\/","title":{"rendered":"Isra\u00ebl rejoint l\u2019Union africaine en tant qu\u2019observateur apr\u00e8s en avoir \u00e9t\u00e9 exclu pendant deux d\u00e9cennies"},"content":{"rendered":"<div><img decoding=\"async\" width=\"1500\" height=\"1000\" src=\"https:\/\/linitiative.ca\/International\/wp-content\/uploads\/sites\/23\/2021\/07\/union-afric-1.jpg\" class=\"attachment-post-thumbnail size-post-thumbnail wp-post-image\" alt=\"\" loading=\"lazy\" srcset=\"https:\/\/linitiative.ca\/International\/wp-content\/uploads\/sites\/23\/2021\/07\/union-afric-1.jpg 1500w, https:\/\/www.challenge.ma\/wp-content\/uploads\/2021\/07\/union-afric-1-300x200.jpg 300w, https:\/\/www.challenge.ma\/wp-content\/uploads\/2021\/07\/union-afric-1-1024x683.jpg 1024w, https:\/\/www.challenge.ma\/wp-content\/uploads\/2021\/07\/union-afric-1-768x512.jpg 768w, https:\/\/www.challenge.ma\/wp-content\/uploads\/2021\/07\/union-afric-1-360x240.jpg 360w, https:\/\/www.challenge.ma\/wp-content\/uploads\/2021\/07\/union-afric-1-750x500.jpg 750w\" sizes=\"auto, (max-width: 1500px) 100vw, 1500px\" itemprop=\"image\">J\u00e9rusalem fait un grand pas en avant dans ses relations florissantes avec le continent. Pour le ministre isra\u00e9lien des affaires \u00e9trang\u00e8res il s\u2019agit d\u2019un jour de f\u00eate pour les relations isra\u00e9lo-africaines. \u00a0 Isra\u00ebl rejoindra l\u2019Union africaine en tant qu\u2019\u00c9tat observateur, a annonc\u00e9 jeudi le minist\u00e8re des affaires \u00e9trang\u00e8res isra\u00e9lien. Isra\u00ebl,<\/div>\n<p>Auteur: challenge<br \/>\n<a href=\"https:\/\/www.challenge.ma\/israel-rejoint-lunion-africaine-en-tant-quobservateur-apres-en-avoir-ete-exclu-pendant-deux-decennies-193599\/\">Cliquez ici pour lire l&rsquo;article depuis sa source.<\/a><\/p>\n","protected":false},"excerpt":{"rendered":"<p>J\u00e9rusalem fait un grand pas en avant dans ses relations florissantes avec le continent. Pour le ministre isra\u00e9lien des affaires \u00e9trang\u00e8res il s\u2019agit d\u2019un jour de f\u00eate pour les relations isra\u00e9lo-africaines. \u00a0 Isra\u00ebl rejoindra l\u2019Union africaine en tant qu\u2019\u00c9tat observateur, a annonc\u00e9 jeudi le minist\u00e8re des affaires \u00e9trang\u00e8res isra\u00e9lien. Isra\u00ebl, Auteur: challenge Cliquez ici pour [&hellip;]<\/p>\n","protected":false},"author":1787,"featured_media":0,"comment_status":"closed","ping_status":"closed","sticky":false,"template":"","format":"standard","meta":{"fifu_image_url":"https:\/\/www.challenge.ma\/wp-content\/uploads\/2021\/07\/union-afric-1.jpg","fifu_image_alt":"Isra\u00ebl rejoint l\u2019Union africaine en tant qu\u2019observateur apr\u00e8s en avoir \u00e9t\u00e9 exclu pendant deux d\u00e9cennies","footnotes":""},"categories":[78,54],"tags":[],"class_list":["post-122196","post","type-post","status-publish","format-standard","hentry","category-economie","category-maroc"],"_links":{"self":[{"href":"https:\/\/linitiative.ca\/International\/wp-json\/wp\/v2\/posts\/122196","targetHints":{"allow":["GET"]}}],"collection":[{"href":"https:\/\/linitiative.ca\/International\/wp-json\/wp\/v2\/posts"}],"about":[{"href":"https:\/\/linitiative.ca\/International\/wp-json\/wp\/v2\/types\/post"}],"author":[{"embeddable":true,"href":"https:\/\/linitiative.ca\/International\/wp-json\/wp\/v2\/users\/1787"}],"replies":[{"embeddable":true,"href":"https:\/\/linitiative.ca\/International\/wp-json\/wp\/v2\/comments?post=122196"}],"version-history":[{"count":0,"href":"https:\/\/linitiative.ca\/International\/wp-json\/wp\/v2\/posts\/122196\/revisions"}],"wp:attachment":[{"href":"https:\/\/linitiative.ca\/International\/wp-json\/wp\/v2\/media?parent=122196"}],"wp:term":[{"taxonomy":"category","embeddable":true,"href":"https:\/\/linitiative.ca\/International\/wp-json\/wp\/v2\/categories?post=122196"},{"taxonomy":"post_tag","embeddable":true,"href":"https:\/\/linitiative.ca\/International\/wp-json\/wp\/v2\/tags?post=122196"}],"curies":[{"name":"wp","href":"https:\/\/api.w.org\/{rel}","templated":true}]}}