{"id":122199,"date":"2021-07-23T16:44:55","date_gmt":"2021-07-23T20:44:55","guid":{"rendered":"https:\/\/linitiative.ca\/International\/tunisie-prolongation-de-letat-durgence-jusquau-mois-de-janvier-2022\/"},"modified":"2021-07-23T16:44:55","modified_gmt":"2021-07-23T20:44:55","slug":"tunisie-prolongation-de-letat-durgence-jusquau-mois-de-janvier-2022","status":"publish","type":"post","link":"https:\/\/linitiative.ca\/International\/tunisie-prolongation-de-letat-durgence-jusquau-mois-de-janvier-2022\/","title":{"rendered":"Tunisie \u2013 Prolongation de l\u2019\u00e9tat d\u2019urgence jusqu\u2019au mois de janvier 2022"},"content":{"rendered":"<div>\n<p>Le pr\u00e9sident de la R\u00e9publique a d\u00e9cid\u00e9, ce vendredi, de prolonger l\u2019\u00e9tat d\u2019urgence en vigueur dans le pays, de six mois suppl\u00e9mentaires, \u00e0 partir du 24 juillet, jusqu\u2019au 19 janvier 2022.<\/p>\n<p>L\u2019article <a href=\"https:\/\/www.tunisienumerique.com\/tunisie-prolongation-de-letat-durgence-jusquau-mois-de-janvier-2022\/\">Tunisie \u2013 Prolongation de l\u2019\u00e9tat d\u2019urgence jusqu\u2019au mois de janvier 2022<\/a> est apparu en premier sur <a href=\"https:\/\/www.tunisienumerique.com\/\">Tunisie<\/a>.<\/p>\n<\/div>\n<p>Auteur: LM<br \/>\n<a href=\"https:\/\/www.tunisienumerique.com\/tunisie-prolongation-de-letat-durgence-jusquau-mois-de-janvier-2022\/\">Cliquez ici pour lire l&rsquo;article depuis sa source.<\/a><\/p>\n","protected":false},"excerpt":{"rendered":"<p>Le pr\u00e9sident de la R\u00e9publique a d\u00e9cid\u00e9, ce vendredi, de prolonger l\u2019\u00e9tat d\u2019urgence en vigueur dans le pays, de six mois suppl\u00e9mentaires, \u00e0 partir du 24 juillet, jusqu\u2019au 19 janvier 2022. L\u2019article Tunisie \u2013 Prolongation de l\u2019\u00e9tat d\u2019urgence jusqu\u2019au mois de janvier 2022 est apparu en premier sur Tunisie. Auteur: LM Cliquez ici pour lire [&hellip;]<\/p>\n","protected":false},"author":1789,"featured_media":0,"comment_status":"closed","ping_status":"closed","sticky":false,"template":"","format":"standard","meta":{"fifu_image_url":"","fifu_image_alt":"","footnotes":""},"categories":[73,55],"tags":[],"class_list":["post-122199","post","type-post","status-publish","format-standard","hentry","category-actualite","category-tunisie"],"_links":{"self":[{"href":"https:\/\/linitiative.ca\/International\/wp-json\/wp\/v2\/posts\/122199","targetHints":{"allow":["GET"]}}],"collection":[{"href":"https:\/\/linitiative.ca\/International\/wp-json\/wp\/v2\/posts"}],"about":[{"href":"https:\/\/linitiative.ca\/International\/wp-json\/wp\/v2\/types\/post"}],"author":[{"embeddable":true,"href":"https:\/\/linitiative.ca\/International\/wp-json\/wp\/v2\/users\/1789"}],"replies":[{"embeddable":true,"href":"https:\/\/linitiative.ca\/International\/wp-json\/wp\/v2\/comments?post=122199"}],"version-history":[{"count":0,"href":"https:\/\/linitiative.ca\/International\/wp-json\/wp\/v2\/posts\/122199\/revisions"}],"wp:attachment":[{"href":"https:\/\/linitiative.ca\/International\/wp-json\/wp\/v2\/media?parent=122199"}],"wp:term":[{"taxonomy":"category","embeddable":true,"href":"https:\/\/linitiative.ca\/International\/wp-json\/wp\/v2\/categories?post=122199"},{"taxonomy":"post_tag","embeddable":true,"href":"https:\/\/linitiative.ca\/International\/wp-json\/wp\/v2\/tags?post=122199"}],"curies":[{"name":"wp","href":"https:\/\/api.w.org\/{rel}","templated":true}]}}