{"id":122200,"date":"2021-07-23T16:50:03","date_gmt":"2021-07-23T20:50:03","guid":{"rendered":"https:\/\/linitiative.ca\/International\/le-ministre-de-la-sante-par-interim-il-est-possible-de-vacciner-100-mille-citoyens-quotidiennement\/"},"modified":"2021-07-23T16:50:03","modified_gmt":"2021-07-23T20:50:03","slug":"le-ministre-de-la-sante-par-interim-il-est-possible-de-vacciner-100-mille-citoyens-quotidiennement","status":"publish","type":"post","link":"https:\/\/linitiative.ca\/International\/le-ministre-de-la-sante-par-interim-il-est-possible-de-vacciner-100-mille-citoyens-quotidiennement\/","title":{"rendered":"Le ministre de la Sant\u00e9 par int\u00e9rim : \u201cIl est possible de vacciner 100 mille citoyens quotidiennement\u201d"},"content":{"rendered":"<div>\n<p>Le ministre de la Sant\u00e9 par int\u00e9rim, M. Mohamed Trabelsi, a affirm\u00e9 le 23 juillet 2021, que le principal ennemi de la Tunisie aujourd\u2019hui est cette \u00e9pid\u00e9mie virulente qui n\u00e9cessite la convergence de tous les efforts pour la combattre. Le ministre a \u00e9galement soulign\u00e9 que la victoire sur cet ennemi d\u00e9pend de notre capacit\u00e9 \u00e0 [\u2026]<\/p>\n<p>L\u2019article <a href=\"https:\/\/www.tunisienumerique.com\/le-ministre-de-la-sante-par-interim-il-est-possible-de-vacciner-100-mille-citoyens-quotidiennement\/\">Le ministre de la Sant\u00e9 par int\u00e9rim : \u201cIl est possible de vacciner 100 mille citoyens quotidiennement\u201d<\/a> est apparu en premier sur <a href=\"https:\/\/www.tunisienumerique.com\/\">Tunisie<\/a>.<\/p>\n<\/div>\n<p>Auteur: rania ben slimane<br \/>\n<a href=\"https:\/\/www.tunisienumerique.com\/le-ministre-de-la-sante-par-interim-il-est-possible-de-vacciner-100-mille-citoyens-quotidiennement\/\">Cliquez ici pour lire l&rsquo;article depuis sa source.<\/a><\/p>\n","protected":false},"excerpt":{"rendered":"<p>Le ministre de la Sant\u00e9 par int\u00e9rim, M. Mohamed Trabelsi, a affirm\u00e9 le 23 juillet 2021, que le principal ennemi de la Tunisie aujourd\u2019hui est cette \u00e9pid\u00e9mie virulente qui n\u00e9cessite la convergence de tous les efforts pour la combattre. Le ministre a \u00e9galement soulign\u00e9 que la victoire sur cet ennemi d\u00e9pend de notre capacit\u00e9 \u00e0 [&hellip;]<\/p>\n","protected":false},"author":1789,"featured_media":0,"comment_status":"closed","ping_status":"closed","sticky":false,"template":"","format":"standard","meta":{"fifu_image_url":"","fifu_image_alt":"","footnotes":""},"categories":[73,55],"tags":[],"class_list":["post-122200","post","type-post","status-publish","format-standard","hentry","category-actualite","category-tunisie"],"_links":{"self":[{"href":"https:\/\/linitiative.ca\/International\/wp-json\/wp\/v2\/posts\/122200","targetHints":{"allow":["GET"]}}],"collection":[{"href":"https:\/\/linitiative.ca\/International\/wp-json\/wp\/v2\/posts"}],"about":[{"href":"https:\/\/linitiative.ca\/International\/wp-json\/wp\/v2\/types\/post"}],"author":[{"embeddable":true,"href":"https:\/\/linitiative.ca\/International\/wp-json\/wp\/v2\/users\/1789"}],"replies":[{"embeddable":true,"href":"https:\/\/linitiative.ca\/International\/wp-json\/wp\/v2\/comments?post=122200"}],"version-history":[{"count":0,"href":"https:\/\/linitiative.ca\/International\/wp-json\/wp\/v2\/posts\/122200\/revisions"}],"wp:attachment":[{"href":"https:\/\/linitiative.ca\/International\/wp-json\/wp\/v2\/media?parent=122200"}],"wp:term":[{"taxonomy":"category","embeddable":true,"href":"https:\/\/linitiative.ca\/International\/wp-json\/wp\/v2\/categories?post=122200"},{"taxonomy":"post_tag","embeddable":true,"href":"https:\/\/linitiative.ca\/International\/wp-json\/wp\/v2\/tags?post=122200"}],"curies":[{"name":"wp","href":"https:\/\/api.w.org\/{rel}","templated":true}]}}