{"id":122201,"date":"2021-07-23T16:55:27","date_gmt":"2021-07-23T20:55:27","guid":{"rendered":"https:\/\/linitiative.ca\/International\/tunisie-ghannouchi-presente-un-certificat-medical-de-repos-dune-semaine\/"},"modified":"2021-07-23T16:55:27","modified_gmt":"2021-07-23T20:55:27","slug":"tunisie-ghannouchi-presente-un-certificat-medical-de-repos-dune-semaine","status":"publish","type":"post","link":"https:\/\/linitiative.ca\/International\/tunisie-ghannouchi-presente-un-certificat-medical-de-repos-dune-semaine\/","title":{"rendered":"Tunisie \u2013 Ghannouchi pr\u00e9sente un certificat m\u00e9dical de repos d\u2019une semaine"},"content":{"rendered":"<div>\n<p>La d\u00e9put\u00e9e du bloc d\u2019Ennahdha, Hayet Amri, a assur\u00e9, ce vendredi, que le pr\u00e9sident de l\u2019ARP, Rached Ghannouchi, a pr\u00e9sent\u00e9 un certificat m\u00e9dical d\u00e9livr\u00e9 par l\u2019h\u00f4pital militaire de Tunis, lui prescrivant un repos d\u2019une semaine. Elle s\u2019est dite \u00e9tonn\u00e9e de l\u2019ent\u00eatement de certains d\u00e9put\u00e9s qui cherchent \u00e0 obtenir un rapport m\u00e9dical concernant l\u2019\u00e9tat de sant\u00e9 [\u2026]<\/p>\n<p>L\u2019article <a href=\"https:\/\/www.tunisienumerique.com\/tunisie-ghannouchi-presente-un-certificat-medical-de-repos-dune-semaine\/\">Tunisie \u2013 Ghannouchi pr\u00e9sente un certificat m\u00e9dical de repos d\u2019une semaine<\/a> est apparu en premier sur <a href=\"https:\/\/www.tunisienumerique.com\/\">Tunisie<\/a>.<\/p>\n<\/div>\n<p>Auteur: LM<br \/>\n<a href=\"https:\/\/www.tunisienumerique.com\/tunisie-ghannouchi-presente-un-certificat-medical-de-repos-dune-semaine\/\">Cliquez ici pour lire l&rsquo;article depuis sa source.<\/a><\/p>\n","protected":false},"excerpt":{"rendered":"<p>La d\u00e9put\u00e9e du bloc d\u2019Ennahdha, Hayet Amri, a assur\u00e9, ce vendredi, que le pr\u00e9sident de l\u2019ARP, Rached Ghannouchi, a pr\u00e9sent\u00e9 un certificat m\u00e9dical d\u00e9livr\u00e9 par l\u2019h\u00f4pital militaire de Tunis, lui prescrivant un repos d\u2019une semaine. Elle s\u2019est dite \u00e9tonn\u00e9e de l\u2019ent\u00eatement de certains d\u00e9put\u00e9s qui cherchent \u00e0 obtenir un rapport m\u00e9dical concernant l\u2019\u00e9tat de sant\u00e9 [&hellip;]<\/p>\n","protected":false},"author":1789,"featured_media":0,"comment_status":"closed","ping_status":"closed","sticky":false,"template":"","format":"standard","meta":{"fifu_image_url":"","fifu_image_alt":"","footnotes":""},"categories":[73,55],"tags":[],"class_list":["post-122201","post","type-post","status-publish","format-standard","hentry","category-actualite","category-tunisie"],"_links":{"self":[{"href":"https:\/\/linitiative.ca\/International\/wp-json\/wp\/v2\/posts\/122201","targetHints":{"allow":["GET"]}}],"collection":[{"href":"https:\/\/linitiative.ca\/International\/wp-json\/wp\/v2\/posts"}],"about":[{"href":"https:\/\/linitiative.ca\/International\/wp-json\/wp\/v2\/types\/post"}],"author":[{"embeddable":true,"href":"https:\/\/linitiative.ca\/International\/wp-json\/wp\/v2\/users\/1789"}],"replies":[{"embeddable":true,"href":"https:\/\/linitiative.ca\/International\/wp-json\/wp\/v2\/comments?post=122201"}],"version-history":[{"count":0,"href":"https:\/\/linitiative.ca\/International\/wp-json\/wp\/v2\/posts\/122201\/revisions"}],"wp:attachment":[{"href":"https:\/\/linitiative.ca\/International\/wp-json\/wp\/v2\/media?parent=122201"}],"wp:term":[{"taxonomy":"category","embeddable":true,"href":"https:\/\/linitiative.ca\/International\/wp-json\/wp\/v2\/categories?post=122201"},{"taxonomy":"post_tag","embeddable":true,"href":"https:\/\/linitiative.ca\/International\/wp-json\/wp\/v2\/tags?post=122201"}],"curies":[{"name":"wp","href":"https:\/\/api.w.org\/{rel}","templated":true}]}}