{"id":122204,"date":"2021-07-23T14:18:02","date_gmt":"2021-07-23T18:18:02","guid":{"rendered":"https:\/\/linitiative.ca\/International\/foot-senegalais-augustin-senghor-file-vers-un-4e-mandat\/"},"modified":"2021-07-23T14:18:02","modified_gmt":"2021-07-23T18:18:02","slug":"foot-senegalais-augustin-senghor-file-vers-un-4e-mandat","status":"publish","type":"post","link":"https:\/\/linitiative.ca\/International\/foot-senegalais-augustin-senghor-file-vers-un-4e-mandat\/","title":{"rendered":"Foot s\u00e9n\u00e9galais : Augustin Senghor file vers un 4e mandat"},"content":{"rendered":"<div>\n<p><img loading=\"lazy\" decoding=\"async\" width=\"1280\" height=\"720\" src=\"https:\/\/linitiative.ca\/International\/wp-content\/uploads\/sites\/23\/2021\/07\/16270642823606.jpg\" class=\"attachment-post-thumbnail size-post-thumbnail wp-post-image\" alt=\"\" srcset=\"https:\/\/linitiative.ca\/International\/wp-content\/uploads\/sites\/23\/2021\/07\/16270642823606.jpg 1280w, https:\/\/www.journalducameroun.com\/wp-content\/uploads\/2021\/07\/16270642823606-300x169.jpg 300w, https:\/\/www.journalducameroun.com\/wp-content\/uploads\/2021\/07\/16270642823606-768x432.jpg 768w, https:\/\/www.journalducameroun.com\/wp-content\/uploads\/2021\/07\/16270642823606-1024x576.jpg 1024w, https:\/\/www.journalducameroun.com\/wp-content\/uploads\/2021\/07\/16270642823606-780x440.jpg 780w, https:\/\/www.journalducameroun.com\/wp-content\/uploads\/2021\/07\/16270642823606-380x215.jpg 380w, https:\/\/www.journalducameroun.com\/wp-content\/uploads\/2021\/07\/16270642823606-160x90.jpg 160w, https:\/\/www.journalducameroun.com\/wp-content\/uploads\/2021\/07\/16270642823606-240x135.jpg 240w, https:\/\/www.journalducameroun.com\/wp-content\/uploads\/2021\/07\/16270642823606-782x440.jpg 782w, https:\/\/www.journalducameroun.com\/wp-content\/uploads\/2021\/07\/16270642823606-600x338.jpg 600w\" sizes=\"auto, (max-width: 1280px) 100vw, 1280px\"><\/p>\n<p>Le pr\u00e9sident sortant de la F\u00e9d\u00e9ration S\u00e9n\u00e9galaise de Football (FSF) semble bien parti pour rempiler apr\u00e8s un consensus trouv\u00e9 avec deux des trois autres candidats.C&rsquo;est le feuilleton qui tient en haleine le landerneau footballistique s\u00e9n\u00e9galais. L&rsquo;Assembl\u00e9e G\u00e9n\u00e9rale \u00e9lective de l&rsquo;instance fa\u00eeti\u00e8re est pr\u00e9vue le 7 ao\u00fbt prochain. Me Augustin Senghor, \u00e9lu en mars dernier premier vice-pr\u00e9sident de la Conf\u00e9d\u00e9ration africaine de football (Caf), a \u00e9puis\u00e9 trois mandats \u00e0 la t\u00eate de la FSF. Mais il ne veut pas l\u00e2cher prise.<\/p>\n<p>Trois dirigeants de clubs de Ligue 1, \u00e0 savoir Sa\u00ebr Seck de Diambars, Mbaye Diouf Dia de Mbour Petite C\u00f4te et Mady Tour\u00e9 de G\u00e9n\u00e9ration Foot, ont lorgn\u00e9 son poste. Si toutes les candidatures continuent \u00e0 \u00eatre d&rsquo;actualit\u00e9, ces personnalit\u00e9s du foot s\u00e9n\u00e9galais se sont mis d&rsquo;accord sur \u00ab un programme commun et consensuel devant servir de r\u00e9f\u00e9rence \u00e0 l&rsquo;action f\u00e9d\u00e9rale durant le prochain mandat \u00bb.<\/p>\n<p>Les diff\u00e9rents programmes ont \u00e9t\u00e9 fusionn\u00e9s apr\u00e8s de \u00ab larges discussions \u00bb et l&rsquo;\u00ab audition de chaque candidat \u00bb. Selon le communiqu\u00e9 ayant sanctionn\u00e9 la rencontre tenue jeudi \u00e0 Dakar, le candidat Augustin Senghor a \u00e9t\u00e9 d\u00e9sign\u00e9 \u00ab\u00a0pour conduire le programme consensuel\u00a0\u00bb en pr\u00e9sence du ministre de l&rsquo;Urbanisme et vice-pr\u00e9sident de la FSF Abdoulaye Sow, d&rsquo;Ibrahima Ndao, repr\u00e9sentant du ministre des Sports et d&rsquo;Issa Mboup du Comit\u00e9 national olympique et sportif (Cnoss).<\/p>\n<p>De son c\u00f4t\u00e9, la Commission charg\u00e9e du consensus \u00ab recommande \u00e0 la prochaine \u00e9quipe f\u00e9d\u00e9rale, sous l&rsquo;autorit\u00e9 du minist\u00e8re des Sports et du Cnoss, de proc\u00e9der \u00e0 l&rsquo;\u00e9valuation de la mise en \u0153uvre du programme consensuel \u00e0 mi-parcours du mandat\u00a0\u00bb.<\/p>\n<p>Toutefois, Mady Tour\u00e9 a promis de donner sa position sur la candidature unique au plus tard le 30 juillet apr\u00e8s \u00ab consultation de sa base \u00bb. Avocat de profession, Me Augustin Senghor est devenu pr\u00e9sident de la FSF en 2009 avant d&rsquo;\u00eatre reconduit en 2013 et 2017. Il est en m\u00eame temps maire de Gor\u00e9e et pr\u00e9sident du club de cette commune insulaire \u00e9voluant dans l&rsquo;\u00e9lite du football national.<\/p>\n<p>Au terme de son troisi\u00e8me mandat, le proche collaborateur de Patrice Motsepe avait fait part de son intention de passer le flambeau. Sa d\u00e9claration a probablement motiv\u00e9 la candidature de son premier vice-pr\u00e9sident Sa\u00ebr Seck, non moins patron de la Ligue S\u00e9n\u00e9galaise de Football Professionnel (LSFP).<\/p>\n<p>Ancien vice-pr\u00e9sident charg\u00e9 de la petite cat\u00e9gorie, Mbaye Diouf Dia \u00e9tait, pour sa part, sorti de l&rsquo;attelage de la FSF depuis longtemps. Il a critiqu\u00e9 de loin la gestion de l&rsquo;\u00e9quipe de Senghor. En ao\u00fbt 2017, ce manager avait \u00e9t\u00e9 battu au deuxi\u00e8me tour de l&rsquo;\u00e9lection du pr\u00e9sident de la FSF.<\/p>\n<p>Pr\u00e9sident de l&rsquo;Acad\u00e9mie G\u00e9n\u00e9ration Foot, Mady Tour\u00e9 se pr\u00e9sente pour la premi\u00e8re fois \u00e0 cette \u00e9lection. Son centre de formation, partenaire du FC Metz (Ligue 1 fran\u00e7aise), a produit des joueurs comme Sadio Man\u00e9 ou encore Isma\u00efla Sarr.<\/p>\n<p>A l&rsquo;image de Mbaye Diouf Dia, il a \u00e9mis de nombreuses r\u00e9serves sur l&rsquo;administration du football s\u00e9n\u00e9galais. Les pourparlers pour la d\u00e9signation d&rsquo;un candidat consensuel n&rsquo;ont pas emp\u00each\u00e9 Mady Tour\u00e9 de sillonner le pays pour pr\u00e9senter son programme.<\/p>\n<p>Cet article <a rel=\"nofollow\" href=\"https:\/\/www.journalducameroun.com\/foot-senegalais-augustin-senghor-file-vers-un-4e-mandat\/\">Foot s\u00e9n\u00e9galais : Augustin Senghor file vers un 4e mandat<\/a> est apparu en premier sur <a rel=\"nofollow\" href=\"https:\/\/www.journalducameroun.com\/\">Journal du Cameroun<\/a>.<\/p>\n<\/div>\n<p>Auteur: APA News<br \/>\n<a href=\"https:\/\/www.journalducameroun.com\/foot-senegalais-augustin-senghor-file-vers-un-4e-mandat\/\">Cliquez ici pour lire l&rsquo;article depuis sa source.<\/a><\/p>\n","protected":false},"excerpt":{"rendered":"<p>Le pr\u00e9sident sortant de la F\u00e9d\u00e9ration S\u00e9n\u00e9galaise de Football (FSF) semble bien parti pour rempiler apr\u00e8s un consensus trouv\u00e9 avec deux des trois autres candidats.C&rsquo;est le feuilleton qui tient en haleine le landerneau footballistique s\u00e9n\u00e9galais. L&rsquo;Assembl\u00e9e G\u00e9n\u00e9rale \u00e9lective de l&rsquo;instance fa\u00eeti\u00e8re est pr\u00e9vue le 7 ao\u00fbt prochain. Me Augustin Senghor, \u00e9lu en mars dernier premier [&hellip;]<\/p>\n","protected":false},"author":1965,"featured_media":0,"comment_status":"closed","ping_status":"closed","sticky":false,"template":"","format":"standard","meta":{"fifu_image_url":"https:\/\/www.journalducameroun.com\/wp-content\/uploads\/2021\/07\/16270642823606.jpg","fifu_image_alt":"Foot s\u00e9n\u00e9galais : Augustin Senghor file vers un 4e mandat","footnotes":""},"categories":[73,82],"tags":[],"class_list":["post-122204","post","type-post","status-publish","format-standard","hentry","category-actualite","category-cameroun"],"_links":{"self":[{"href":"https:\/\/linitiative.ca\/International\/wp-json\/wp\/v2\/posts\/122204","targetHints":{"allow":["GET"]}}],"collection":[{"href":"https:\/\/linitiative.ca\/International\/wp-json\/wp\/v2\/posts"}],"about":[{"href":"https:\/\/linitiative.ca\/International\/wp-json\/wp\/v2\/types\/post"}],"author":[{"embeddable":true,"href":"https:\/\/linitiative.ca\/International\/wp-json\/wp\/v2\/users\/1965"}],"replies":[{"embeddable":true,"href":"https:\/\/linitiative.ca\/International\/wp-json\/wp\/v2\/comments?post=122204"}],"version-history":[{"count":0,"href":"https:\/\/linitiative.ca\/International\/wp-json\/wp\/v2\/posts\/122204\/revisions"}],"wp:attachment":[{"href":"https:\/\/linitiative.ca\/International\/wp-json\/wp\/v2\/media?parent=122204"}],"wp:term":[{"taxonomy":"category","embeddable":true,"href":"https:\/\/linitiative.ca\/International\/wp-json\/wp\/v2\/categories?post=122204"},{"taxonomy":"post_tag","embeddable":true,"href":"https:\/\/linitiative.ca\/International\/wp-json\/wp\/v2\/tags?post=122204"}],"curies":[{"name":"wp","href":"https:\/\/api.w.org\/{rel}","templated":true}]}}