{"id":122218,"date":"2021-07-23T16:18:01","date_gmt":"2021-07-23T20:18:01","guid":{"rendered":"https:\/\/linitiative.ca\/International\/foot-lafrique-defend-lidee-dune-coupe-du-monde-tous-les-deux-ans-ahmed-yahya\/"},"modified":"2021-07-23T16:18:01","modified_gmt":"2021-07-23T20:18:01","slug":"foot-lafrique-defend-lidee-dune-coupe-du-monde-tous-les-deux-ans-ahmed-yahya","status":"publish","type":"post","link":"https:\/\/linitiative.ca\/International\/foot-lafrique-defend-lidee-dune-coupe-du-monde-tous-les-deux-ans-ahmed-yahya\/","title":{"rendered":"Foot : \u00ab l\u2019Afrique d\u00e9fend l\u2019id\u00e9e d\u2019une Coupe du monde tous les deux ans \u00bb (Ahmed Yahya)"},"content":{"rendered":"<div>\n<p>Le pr\u00e9sident de la Commission d\u2019organisation des comp\u00e9titions interclubs et de la licence des clubs au sein de la Conf\u00e9d\u00e9ration africaine de football (Caf), dans un entretien accord\u00e9 \u00e0 Marca, quotidien sportif espagnol, a soutenu que la p\u00e9riodicit\u00e9 actuelle du Mondial n\u2019est pas dans l\u2019int\u00e9r\u00eat du continent noir.Le 21 mai dernier, la F\u00e9d\u00e9ration internationale de football association (Fifa) a autoris\u00e9 la r\u00e9alisation d\u2019une \u00e9tude de faisabilit\u00e9 portant sur l\u2019organisation biennale de la Coupe du monde.<\/p>\n<p>Avant m\u00eame la publication des conclusions de l\u2019\u00e9tude, Ahmed Yahya, 2e vice-pr\u00e9sident de la Conf\u00e9d\u00e9ration africaine de football (Caf), consid\u00e8re que \u00ab la Coupe du monde devrait \u00eatre jou\u00e9e plus r\u00e9guli\u00e8rement \u00bb car \u00ab les comp\u00e9titions sont un moteur de d\u00e9veloppement \u00bb.<\/p>\n<p>Selon le pr\u00e9sident de la F\u00e9d\u00e9ration de Football de la R\u00e9publique Islamique de Mauritanie (FFRIM), \u00ab plus vous jouez au plus haut niveau, plus vous apprenez et plus vous vous am\u00e9liorez rapidement. Plus nous avons de possibilit\u00e9s de participer, plus les pays, y compris leurs gouvernements, peuvent soutenir un projet de football de d\u00e9veloppement \u00bb.<\/p>\n<p>Pour toutes ces raisons, le dirigeant africain affirme que \u00ab quatre ans, c\u2019est trop long \u00bb. Ahmed Yahya, qui a conduit son pays \u00e0 la premi\u00e8re Coupe d\u2019Afrique des nations de son histoire en 2019, a d\u00e9clar\u00e9 que les acteurs du football doivent \u00ab r\u00e9aliser que le monde a chang\u00e9 et s\u2019est acc\u00e9l\u00e9r\u00e9 de mani\u00e8re incroyable depuis 1930 \u00bb, ann\u00e9e de l\u2019organisation du premier Mondial.<\/p>\n<p>Enfin, \u00e0 en croire le responsable des tournois africains, si en Europe certains disent que \u00ab rien ne doit changer \u00bb, c\u2019est parce que le Vieux continent a tout \u00e0 sa disposition. \u00ab Les meilleurs joueurs jouent devant eux tous les week-ends. Leurs \u00e9quipes nationales s\u2019imposent au niveau mondial. Ils sont riches et puissants. Donc pour eux tout est parfait. Mais ils ne doivent pas discriminer le reste du monde, \u00e0 commencer par l\u2019Afrique. La solidarit\u00e9 consiste \u00e9galement \u00e0 se mettre \u00e0 la place des autres et \u00e0 voir le monde de leur point de vue \u00bb, a \u00a0plaid\u00e9 Ahmed Yahya.<\/p>\n<p>Cet article <a rel=\"nofollow\" href=\"https:\/\/www.journalducameroun.com\/foot-lafrique-defend-lidee-dune-coupe-du-monde-tous-les-deux-ans-ahmed-yahya\/\">Foot : \u00ab l\u2019Afrique d\u00e9fend l\u2019id\u00e9e d\u2019une Coupe du monde tous les deux ans \u00bb (Ahmed Yahya)<\/a> est apparu en premier sur <a rel=\"nofollow\" href=\"https:\/\/www.journalducameroun.com\/\">Journal du Cameroun<\/a>.<\/p>\n<\/div>\n<p>Auteur: APA News<br \/>\n<a href=\"https:\/\/www.journalducameroun.com\/foot-lafrique-defend-lidee-dune-coupe-du-monde-tous-les-deux-ans-ahmed-yahya\/\">Cliquez ici pour lire l&rsquo;article depuis sa source.<\/a><\/p>\n","protected":false},"excerpt":{"rendered":"<p>Le pr\u00e9sident de la Commission d\u2019organisation des comp\u00e9titions interclubs et de la licence des clubs au sein de la Conf\u00e9d\u00e9ration africaine de football (Caf), dans un entretien accord\u00e9 \u00e0 Marca, quotidien sportif espagnol, a soutenu que la p\u00e9riodicit\u00e9 actuelle du Mondial n\u2019est pas dans l\u2019int\u00e9r\u00eat du continent noir.Le 21 mai dernier, la F\u00e9d\u00e9ration internationale de [&hellip;]<\/p>\n","protected":false},"author":1965,"featured_media":0,"comment_status":"closed","ping_status":"closed","sticky":false,"template":"","format":"standard","meta":{"fifu_image_url":"","fifu_image_alt":"","footnotes":""},"categories":[73,82],"tags":[],"class_list":["post-122218","post","type-post","status-publish","format-standard","hentry","category-actualite","category-cameroun"],"_links":{"self":[{"href":"https:\/\/linitiative.ca\/International\/wp-json\/wp\/v2\/posts\/122218","targetHints":{"allow":["GET"]}}],"collection":[{"href":"https:\/\/linitiative.ca\/International\/wp-json\/wp\/v2\/posts"}],"about":[{"href":"https:\/\/linitiative.ca\/International\/wp-json\/wp\/v2\/types\/post"}],"author":[{"embeddable":true,"href":"https:\/\/linitiative.ca\/International\/wp-json\/wp\/v2\/users\/1965"}],"replies":[{"embeddable":true,"href":"https:\/\/linitiative.ca\/International\/wp-json\/wp\/v2\/comments?post=122218"}],"version-history":[{"count":0,"href":"https:\/\/linitiative.ca\/International\/wp-json\/wp\/v2\/posts\/122218\/revisions"}],"wp:attachment":[{"href":"https:\/\/linitiative.ca\/International\/wp-json\/wp\/v2\/media?parent=122218"}],"wp:term":[{"taxonomy":"category","embeddable":true,"href":"https:\/\/linitiative.ca\/International\/wp-json\/wp\/v2\/categories?post=122218"},{"taxonomy":"post_tag","embeddable":true,"href":"https:\/\/linitiative.ca\/International\/wp-json\/wp\/v2\/tags?post=122218"}],"curies":[{"name":"wp","href":"https:\/\/api.w.org\/{rel}","templated":true}]}}