{"id":122222,"date":"2021-07-23T14:32:56","date_gmt":"2021-07-23T18:32:56","guid":{"rendered":"https:\/\/linitiative.ca\/International\/relations-bilaterales-la-relance-economique-en-discussion-entre-le-cameroun-et-le-tchad\/"},"modified":"2021-07-23T14:32:56","modified_gmt":"2021-07-23T18:32:56","slug":"relations-bilaterales-la-relance-economique-en-discussion-entre-le-cameroun-et-le-tchad","status":"publish","type":"post","link":"https:\/\/linitiative.ca\/International\/relations-bilaterales-la-relance-economique-en-discussion-entre-le-cameroun-et-le-tchad\/","title":{"rendered":"Relations bilat\u00e9rales : la relance \u00e9conomique en discussion entre le Cameroun et le Tchad"},"content":{"rendered":"<div>\n<p>L\u2019on peut dire que les relations entre le Cameroun et le Tchad continuent d\u2019\u00eatre au beau fixe. L\u2019exemple palpable est l\u2019audience accord\u00e9e au ministre de l\u2019Economie, de la planification et de l\u2019am\u00e9nagement du territoire (Minepat), Alamine Ousame Mey, par le pr\u00e9sident du Conseil militaire de transition, Pr\u00e9sident de la R\u00e9publique du Tchad, le g\u00e9n\u00e9ral de corps d\u2019arm\u00e9e Mahamat Idriss Deby Itno. Pour l\u2019occasion Alamine Ousmane Mey, \u00e9tait porteur d\u2019un pli ferm\u00e9 du chef de l\u2019Etat camerounais Paul BIYA, par ailleurs pr\u00e9sident en exercice de la Cemac.<\/p>\n<p><strong>Lire aussi :<\/strong> <strong><a href=\"https:\/\/ecomatin.net\/cemac-les-enjeux-economiques-du-sommet-extraordinaire-de-la-conference-des-chefs-detat\/\">Cemac : les enjeux \u00e9conomiques du sommet extraordinaire de la Conf\u00e9rence des chefs d\u2019Etat<\/a><\/strong><\/p>\n<p>Au menu des \u00e9changes des deux personnalit\u00e9s la relance \u00e9conomique des deux pays. Une \u00e9conomie qui subit depuis plus d\u2019un an les affreux de la pand\u00e9mie de la Covid-19, de m\u00eame que les crises s\u00e9curitaires. \u00ab\u00a0Il se trouve que la pand\u00e9mie du Covid-19, depuis 2020 et les crises s\u00e9curitaires depuis un certain temps, sont en train de fragiliser toutes les performances que nous avons pu d\u00e9velopper. Donc de tradition, les chefs d\u2019Etat se concertent pour \u00e9valuer la situation, envisag\u00e9 des mesures pour faire face aux challenges que nous connaissons en ce moment ou plan sanitaire. Mais en m\u00eame temps trac\u00e9 le chemin du d\u00e9veloppement, une relance que nous voulons forte, diversifi\u00e9e et inclusive au b\u00e9n\u00e9fice des populations du Tchad, du Cameroun, de la Cemac, pour que notre communaut\u00e9 en sorte grandie\u00a0\u00bb, a confi\u00e9 Alamine Ousmane Mey au sortir de l\u2019audience.<\/p>\n<p><strong>Lire aussi :<\/strong> <strong><a href=\"https:\/\/ecomatin.net\/lins-veut-elaborer-un-indice-composite-dess-activitess-economiques-en-zone-cemac\/\">L\u2019INS veut \u00e9laborer un indice composite des activit\u00e9s \u00e9conomiques en zone Cemac<\/a><\/strong><\/p>\n<p>Cette rencontre intervient quelques jours apr\u00e8s l\u2019annonce d\u2019une rencontre prochaine de la rencontre de chefs d\u2019Etat de la Cemac, qui s\u2019articulera autour du th\u00e8me \u00abl\u2019\u00e9valuation de la situation macro-\u00e9conomique de la Cemac en contexte de pand\u00e9mie du Covid-19 et analyse des mesures de redressement\u00bb.<\/p>\n<p><strong>Lire aussi :<\/strong> <strong><a href=\"https:\/\/ecomatin.net\/zone-cemac-la-beac-prevoit-une-morosite-de-leconomie-au-second-trimestre\/\">Zone Cemac : la Beac pr\u00e9voit une morosit\u00e9 de l\u2019\u00e9conomie au second trimestre<\/a><\/strong><\/p>\n<p>L\u2019article <a rel=\"nofollow\" href=\"https:\/\/ecomatin.net\/relations-bilaterales-la-relance-economique-en-discussion-entre-le-cameroun-et-le-tchad\/\">Relations bilat\u00e9rales : la relance \u00e9conomique en discussion entre le Cameroun et le Tchad<\/a> est apparu en premier sur <a rel=\"nofollow\" href=\"https:\/\/ecomatin.net\/\">EcoMatin<\/a>.<\/p>\n<\/div>\n<p>Auteur: Cindy MBALA<br \/>\n<a href=\"https:\/\/ecomatin.net\/relations-bilaterales-la-relance-economique-en-discussion-entre-le-cameroun-et-le-tchad\/\">Cliquez ici pour lire l&rsquo;article depuis sa source.<\/a><\/p>\n","protected":false},"excerpt":{"rendered":"<p>L\u2019on peut dire que les relations entre le Cameroun et le Tchad continuent d\u2019\u00eatre au beau fixe. L\u2019exemple palpable est l\u2019audience accord\u00e9e au ministre de l\u2019Economie, de la planification et de l\u2019am\u00e9nagement du territoire (Minepat), Alamine Ousame Mey, par le pr\u00e9sident du Conseil militaire de transition, Pr\u00e9sident de la R\u00e9publique du Tchad, le g\u00e9n\u00e9ral de [&hellip;]<\/p>\n","protected":false},"author":1969,"featured_media":0,"comment_status":"closed","ping_status":"closed","sticky":false,"template":"","format":"standard","meta":{"fifu_image_url":"","fifu_image_alt":"","footnotes":""},"categories":[82,78],"tags":[],"class_list":["post-122222","post","type-post","status-publish","format-standard","hentry","category-cameroun","category-economie"],"_links":{"self":[{"href":"https:\/\/linitiative.ca\/International\/wp-json\/wp\/v2\/posts\/122222","targetHints":{"allow":["GET"]}}],"collection":[{"href":"https:\/\/linitiative.ca\/International\/wp-json\/wp\/v2\/posts"}],"about":[{"href":"https:\/\/linitiative.ca\/International\/wp-json\/wp\/v2\/types\/post"}],"author":[{"embeddable":true,"href":"https:\/\/linitiative.ca\/International\/wp-json\/wp\/v2\/users\/1969"}],"replies":[{"embeddable":true,"href":"https:\/\/linitiative.ca\/International\/wp-json\/wp\/v2\/comments?post=122222"}],"version-history":[{"count":0,"href":"https:\/\/linitiative.ca\/International\/wp-json\/wp\/v2\/posts\/122222\/revisions"}],"wp:attachment":[{"href":"https:\/\/linitiative.ca\/International\/wp-json\/wp\/v2\/media?parent=122222"}],"wp:term":[{"taxonomy":"category","embeddable":true,"href":"https:\/\/linitiative.ca\/International\/wp-json\/wp\/v2\/categories?post=122222"},{"taxonomy":"post_tag","embeddable":true,"href":"https:\/\/linitiative.ca\/International\/wp-json\/wp\/v2\/tags?post=122222"}],"curies":[{"name":"wp","href":"https:\/\/api.w.org\/{rel}","templated":true}]}}