{"id":122226,"date":"2021-07-23T13:36:26","date_gmt":"2021-07-23T17:36:26","guid":{"rendered":"https:\/\/linitiative.ca\/International\/recherche-scientifique-appel-a-projets-sur-la-protection-de-la-biodiversite-et-des-ecosystemes\/"},"modified":"2021-07-23T13:36:26","modified_gmt":"2021-07-23T17:36:26","slug":"recherche-scientifique-appel-a-projets-sur-la-protection-de-la-biodiversite-et-des-ecosystemes","status":"publish","type":"post","link":"https:\/\/linitiative.ca\/International\/recherche-scientifique-appel-a-projets-sur-la-protection-de-la-biodiversite-et-des-ecosystemes\/","title":{"rendered":"Recherche scientifique: Appel \u00e0 projets sur la protection de la biodiversit\u00e9 et des \u00e9cosyst\u00e8mes"},"content":{"rendered":"<div>\n<p><img decoding=\"async\" width=\"300\" height=\"153\" src=\"https:\/\/linitiative.ca\/International\/wp-content\/uploads\/sites\/23\/2021\/07\/Recherche-Scientifique-300x153-1.jpg\" class=\"attachment-medium size-medium wp-post-image\" alt=\"\" loading=\"lazy\" srcset=\"\/\/aujourdhui.ma\/wp-content\/uploads\/2021\/07\/Recherche-Scientifique-300x153.jpg 300w, \/\/aujourdhui.ma\/wp-content\/uploads\/2021\/07\/Recherche-Scientifique-274x140.jpg 274w, \/\/aujourdhui.ma\/wp-content\/uploads\/2021\/07\/Recherche-Scientifique.jpg 746w, \/\/aujourdhui.ma\/wp-content\/uploads\/2021\/07\/Recherche-Scientifique-165x84.jpg 165w, \/\/aujourdhui.ma\/wp-content\/uploads\/2021\/07\/Recherche-Scientifique-702x358.jpg 702w\" sizes=\"auto, (max-width: 300px) 100vw, 300px\"><\/p>\n<p><span style=\"font-size: 20px; color: #800000;\"><strong>Un appel \u00e0 projets sera lanc\u00e9 dans le cadre du projet europ\u00e9en \u00ab\u00a0Biodiversa\u00a0\u00bb du programme Horizon Europe, portant sur la protection de la biodiversit\u00e9 et des \u00e9cosyst\u00e8mes terrestres et maritimes, a annonc\u00e9 le D\u00e9partement de l\u2019Enseignement sup\u00e9rieur et de la Recherche scientifique.<\/strong><\/span><span id=\"more-382408\"><\/span><\/p>\n<p>Cet appel \u00e0 projets, dont le lancement est programm\u00e9 pour le mois d\u2019octobre 2021 et la date limite de d\u00e9p\u00f4t des pr\u00e9-propositions est fix\u00e9e pour novembre 2021, vise \u00e0 soutenir des projets de recherche portant sur la protection de la biodiversit\u00e9 et des \u00e9cosyst\u00e8mes terrestres et maritimes, affirme ce D\u00e9partement minist\u00e9riel dans un communiqu\u00e9, pr\u00e9cisant que le budget global allou\u00e9 \u00e0 cet appel \u00e0 projet est de 18,72 millions d\u2019euros.<\/p>\n<p>Le D\u00e9partement de l\u2019Enseignement sup\u00e9rieur et de la Recherche scientifique s\u2019est associ\u00e9 au consortium du projet europ\u00e9en \u00ab\u00a0Biodiversa\u00a0\u00bb, ouvert aux pays membres et aux pays associ\u00e9s du programme \u00ab\u00a0Horizon Europe\u00a0\u00bb et ce, dans le cadre du renforcement de la coop\u00e9ration scientifique et technologique dans le domaine de la Biodiversit\u00e9, souligne le communiqu\u00e9.<\/p>\n<p>La m\u00eame source pr\u00e9cise que 24 pays participent \u00e0 cet appel \u00e0 projet, ajoutant qu\u2019il s\u2019agit de 20 pays de l\u2019Union europ\u00e9enne et de quatre des pays associ\u00e9s au programme \u00ab\u00a0Horizon Europe\u00a0\u00bb, dont le Maroc.<\/p>\n<p>Selon la m\u00eame source, les informations sur le pr\u00e9-lancement et la recherche des partenaires sont disponibles sur le lien :<\/p>\n<p><span style=\"color: #3366ff;\"><strong><a style=\"color: #3366ff;\" href=\"https:\/\/www.biodiversa.org\/1912\" target=\"_blank\" rel=\"noopener noreferrer\">https:\/\/www.biodiversa.org\/1912<\/a><\/strong><\/span><\/p>\n<\/div>\n<p>Auteur: ALM<br \/>\n<a href=\"https:\/\/aujourdhui.ma\/actualite\/recherche-scientifique-appel-a-projets-sur-la-protection-de-la-biodiversite-et-des-ecosystemes\">Cliquez ici pour lire l&rsquo;article depuis sa source.<\/a><\/p>\n","protected":false},"excerpt":{"rendered":"<p>Un appel \u00e0 projets sera lanc\u00e9 dans le cadre du projet europ\u00e9en \u00ab\u00a0Biodiversa\u00a0\u00bb du programme Horizon Europe, portant sur la protection de la biodiversit\u00e9 et des \u00e9cosyst\u00e8mes terrestres et maritimes, a annonc\u00e9 le D\u00e9partement de l\u2019Enseignement sup\u00e9rieur et de la Recherche scientifique. Cet appel \u00e0 projets, dont le lancement est programm\u00e9 pour le mois d\u2019octobre [&hellip;]<\/p>\n","protected":false},"author":1759,"featured_media":0,"comment_status":"closed","ping_status":"closed","sticky":false,"template":"","format":"standard","meta":{"fifu_image_url":"https:\/\/aujourdhui.ma\/wp-content\/uploads\/2021\/07\/Recherche-Scientifique-300x153.jpg","fifu_image_alt":"Recherche scientifique: Appel \u00e0 projets sur la protection de la biodiversit\u00e9 et des \u00e9cosyst\u00e8mes","footnotes":""},"categories":[73,54],"tags":[],"class_list":["post-122226","post","type-post","status-publish","format-standard","hentry","category-actualite","category-maroc"],"_links":{"self":[{"href":"https:\/\/linitiative.ca\/International\/wp-json\/wp\/v2\/posts\/122226","targetHints":{"allow":["GET"]}}],"collection":[{"href":"https:\/\/linitiative.ca\/International\/wp-json\/wp\/v2\/posts"}],"about":[{"href":"https:\/\/linitiative.ca\/International\/wp-json\/wp\/v2\/types\/post"}],"author":[{"embeddable":true,"href":"https:\/\/linitiative.ca\/International\/wp-json\/wp\/v2\/users\/1759"}],"replies":[{"embeddable":true,"href":"https:\/\/linitiative.ca\/International\/wp-json\/wp\/v2\/comments?post=122226"}],"version-history":[{"count":0,"href":"https:\/\/linitiative.ca\/International\/wp-json\/wp\/v2\/posts\/122226\/revisions"}],"wp:attachment":[{"href":"https:\/\/linitiative.ca\/International\/wp-json\/wp\/v2\/media?parent=122226"}],"wp:term":[{"taxonomy":"category","embeddable":true,"href":"https:\/\/linitiative.ca\/International\/wp-json\/wp\/v2\/categories?post=122226"},{"taxonomy":"post_tag","embeddable":true,"href":"https:\/\/linitiative.ca\/International\/wp-json\/wp\/v2\/tags?post=122226"}],"curies":[{"name":"wp","href":"https:\/\/api.w.org\/{rel}","templated":true}]}}