{"id":122228,"date":"2021-07-24T07:08:15","date_gmt":"2021-07-24T11:08:15","guid":{"rendered":"https:\/\/linitiative.ca\/International\/fete-du-trone-report-des-festivites\/"},"modified":"2021-07-24T07:08:15","modified_gmt":"2021-07-24T11:08:15","slug":"fete-du-trone-report-des-festivites","status":"publish","type":"post","link":"https:\/\/linitiative.ca\/International\/fete-du-trone-report-des-festivites\/","title":{"rendered":"F\u00eate du Tr\u00f4ne: Report des festivit\u00e9s"},"content":{"rendered":"<div>\n<p><img decoding=\"async\" width=\"300\" height=\"153\" src=\"https:\/\/linitiative.ca\/International\/wp-content\/uploads\/sites\/23\/2021\/07\/Fete-du-Trone-1-300x153-1.jpg\" class=\"attachment-medium size-medium wp-post-image\" alt=\"\" loading=\"lazy\" srcset=\"\/\/aujourdhui.ma\/wp-content\/uploads\/2021\/07\/Fete-du-Trone-1-300x153.jpg 300w, \/\/aujourdhui.ma\/wp-content\/uploads\/2021\/07\/Fete-du-Trone-1-274x140.jpg 274w, \/\/aujourdhui.ma\/wp-content\/uploads\/2021\/07\/Fete-du-Trone-1.jpg 746w, \/\/aujourdhui.ma\/wp-content\/uploads\/2021\/07\/Fete-du-Trone-1-165x84.jpg 165w, \/\/aujourdhui.ma\/wp-content\/uploads\/2021\/07\/Fete-du-Trone-1-702x358.jpg 702w\" sizes=\"auto, (max-width: 300px) 100vw, 300px\"><\/p>\n<p><strong>Les festivit\u00e9s marquant la f\u00eate du Tr\u00f4ne report\u00e9es cette ann\u00e9e. En effet, le minist\u00e8re du protocole royal et de la chancellerie vient de faire cette annonce en raison de la situation sanitaire et la propagation du coronavirus.<\/strong> <span id=\"more-382417\"><\/span><\/p>\n<p>Cette d\u00e9cision vient donc en harmonie avec le protocole en vigueur et la strat\u00e9gie nationale visant \u00e0 endiguer la propagation de la pand\u00e9mie. Ce report concerne, selon la m\u00eame source, la c\u00e9r\u00e9monie de r\u00e9ception pr\u00e9sid\u00e9e par le Souverain, la c\u00e9r\u00e9monie de serment des nouveaux laur\u00e9ats de toutes les institutions militaires, paramilitaires et civiles ainsi que toutes les festivit\u00e9s organis\u00e9es en marge de cet \u00e9v\u00e9nement.<\/p>\n<\/div>\n<p>Auteur: ALM<br \/>\n<a href=\"https:\/\/aujourdhui.ma\/actualite\/fete-du-trone-report-des-festivites-2\">Cliquez ici pour lire l&rsquo;article depuis sa source.<\/a><\/p>\n","protected":false},"excerpt":{"rendered":"<p>Les festivit\u00e9s marquant la f\u00eate du Tr\u00f4ne report\u00e9es cette ann\u00e9e. En effet, le minist\u00e8re du protocole royal et de la chancellerie vient de faire cette annonce en raison de la situation sanitaire et la propagation du coronavirus. Cette d\u00e9cision vient donc en harmonie avec le protocole en vigueur et la strat\u00e9gie nationale visant \u00e0 endiguer [&hellip;]<\/p>\n","protected":false},"author":1759,"featured_media":0,"comment_status":"closed","ping_status":"closed","sticky":false,"template":"","format":"standard","meta":{"fifu_image_url":"https:\/\/aujourdhui.ma\/wp-content\/uploads\/2021\/07\/Fete-du-Trone-1-300x153.jpg","fifu_image_alt":"F\u00eate du Tr\u00f4ne: Report des festivit\u00e9s","footnotes":""},"categories":[73,54],"tags":[],"class_list":["post-122228","post","type-post","status-publish","format-standard","hentry","category-actualite","category-maroc"],"_links":{"self":[{"href":"https:\/\/linitiative.ca\/International\/wp-json\/wp\/v2\/posts\/122228","targetHints":{"allow":["GET"]}}],"collection":[{"href":"https:\/\/linitiative.ca\/International\/wp-json\/wp\/v2\/posts"}],"about":[{"href":"https:\/\/linitiative.ca\/International\/wp-json\/wp\/v2\/types\/post"}],"author":[{"embeddable":true,"href":"https:\/\/linitiative.ca\/International\/wp-json\/wp\/v2\/users\/1759"}],"replies":[{"embeddable":true,"href":"https:\/\/linitiative.ca\/International\/wp-json\/wp\/v2\/comments?post=122228"}],"version-history":[{"count":0,"href":"https:\/\/linitiative.ca\/International\/wp-json\/wp\/v2\/posts\/122228\/revisions"}],"wp:attachment":[{"href":"https:\/\/linitiative.ca\/International\/wp-json\/wp\/v2\/media?parent=122228"}],"wp:term":[{"taxonomy":"category","embeddable":true,"href":"https:\/\/linitiative.ca\/International\/wp-json\/wp\/v2\/categories?post=122228"},{"taxonomy":"post_tag","embeddable":true,"href":"https:\/\/linitiative.ca\/International\/wp-json\/wp\/v2\/tags?post=122228"}],"curies":[{"name":"wp","href":"https:\/\/api.w.org\/{rel}","templated":true}]}}