{"id":122233,"date":"2021-07-24T08:05:00","date_gmt":"2021-07-24T12:05:00","guid":{"rendered":"https:\/\/linitiative.ca\/International\/des-detenus-dopinion-de-tizi-ouzou-reiterent-le-caractere-pacifique-de-leur-militantisme\/"},"modified":"2021-07-24T08:05:00","modified_gmt":"2021-07-24T12:05:00","slug":"des-detenus-dopinion-de-tizi-ouzou-reiterent-le-caractere-pacifique-de-leur-militantisme","status":"publish","type":"post","link":"https:\/\/linitiative.ca\/International\/des-detenus-dopinion-de-tizi-ouzou-reiterent-le-caractere-pacifique-de-leur-militantisme\/","title":{"rendered":"Des d\u00e9tenus d&rsquo;opinion de Tizi-Ouzou r\u00e9it\u00e8rent le caract\u00e8re \u00ab\u00a0pacifique\u00a0\u00bb de leur militantisme"},"content":{"rendered":"<div>Cinq d\u00e9tenus d\u2019opinion de la prison de Tizi Ouzou ont d\u00e9nonc\u00e9, ce samedi, via une d\u00e9claration rendue publique par leur avocat,  Me Mokrane A\u00eft Larbi, leur \u00ab d\u00e9tention arbitraire qui viole les principes fondamentaux du droit \u00bb.<\/div>\n<p>Auteur:<br \/>\n<a href=\"https:\/\/www.liberte-algerie.com\/actualite\/des-detenus-dopinion-de-tizi-ouzou-reiterent-le-caractere-pacifique-de-leur-militantisme-362318\">Cliquez ici pour lire l&rsquo;article depuis sa source.<\/a><\/p>\n","protected":false},"excerpt":{"rendered":"<p>Cinq d\u00e9tenus d\u2019opinion de la prison de Tizi Ouzou ont d\u00e9nonc\u00e9, ce samedi, via une d\u00e9claration rendue publique par leur avocat, Me Mokrane A\u00eft Larbi, leur \u00ab d\u00e9tention arbitraire qui viole les principes fondamentaux du droit \u00bb. Auteur: Cliquez ici pour lire l&rsquo;article depuis sa source.<\/p>\n","protected":false},"author":1742,"featured_media":0,"comment_status":"closed","ping_status":"closed","sticky":false,"template":"","format":"standard","meta":{"fifu_image_url":"","fifu_image_alt":"","footnotes":""},"categories":[73,53],"tags":[],"class_list":["post-122233","post","type-post","status-publish","format-standard","hentry","category-actualite","category-algerie"],"_links":{"self":[{"href":"https:\/\/linitiative.ca\/International\/wp-json\/wp\/v2\/posts\/122233","targetHints":{"allow":["GET"]}}],"collection":[{"href":"https:\/\/linitiative.ca\/International\/wp-json\/wp\/v2\/posts"}],"about":[{"href":"https:\/\/linitiative.ca\/International\/wp-json\/wp\/v2\/types\/post"}],"author":[{"embeddable":true,"href":"https:\/\/linitiative.ca\/International\/wp-json\/wp\/v2\/users\/1742"}],"replies":[{"embeddable":true,"href":"https:\/\/linitiative.ca\/International\/wp-json\/wp\/v2\/comments?post=122233"}],"version-history":[{"count":0,"href":"https:\/\/linitiative.ca\/International\/wp-json\/wp\/v2\/posts\/122233\/revisions"}],"wp:attachment":[{"href":"https:\/\/linitiative.ca\/International\/wp-json\/wp\/v2\/media?parent=122233"}],"wp:term":[{"taxonomy":"category","embeddable":true,"href":"https:\/\/linitiative.ca\/International\/wp-json\/wp\/v2\/categories?post=122233"},{"taxonomy":"post_tag","embeddable":true,"href":"https:\/\/linitiative.ca\/International\/wp-json\/wp\/v2\/tags?post=122233"}],"curies":[{"name":"wp","href":"https:\/\/api.w.org\/{rel}","templated":true}]}}