{"id":122234,"date":"2021-07-24T10:29:00","date_gmt":"2021-07-24T14:29:00","guid":{"rendered":"https:\/\/linitiative.ca\/International\/videos-feux-de-foret-en-ce-moment-a-chrea\/"},"modified":"2021-07-24T10:29:00","modified_gmt":"2021-07-24T14:29:00","slug":"videos-feux-de-foret-en-ce-moment-a-chrea","status":"publish","type":"post","link":"https:\/\/linitiative.ca\/International\/videos-feux-de-foret-en-ce-moment-a-chrea\/","title":{"rendered":"[Vid\u00e9os] Feux de for\u00eat en ce moment \u00e0 Chr\u00e9a"},"content":{"rendered":"<div>Des incendies de for\u00eats se sont d\u00e9clar\u00e9s, ce samedi, au parc national de Chr\u00e9a, \u00e0 Blida, selon des images partag\u00e9es sur les r\u00e9seaux sociaux, par des habitants de la r\u00e9gion.<\/div>\n<p>Auteur:<br \/>\n<a href=\"https:\/\/www.liberte-algerie.com\/actualite\/videos-feux-de-foret-en-ce-moment-a-chrea-362319\">Cliquez ici pour lire l&rsquo;article depuis sa source.<\/a><\/p>\n","protected":false},"excerpt":{"rendered":"<p>Des incendies de for\u00eats se sont d\u00e9clar\u00e9s, ce samedi, au parc national de Chr\u00e9a, \u00e0 Blida, selon des images partag\u00e9es sur les r\u00e9seaux sociaux, par des habitants de la r\u00e9gion. Auteur: Cliquez ici pour lire l&rsquo;article depuis sa source.<\/p>\n","protected":false},"author":1742,"featured_media":0,"comment_status":"closed","ping_status":"closed","sticky":false,"template":"","format":"standard","meta":{"fifu_image_url":"","fifu_image_alt":"","footnotes":""},"categories":[73,53],"tags":[],"class_list":["post-122234","post","type-post","status-publish","format-standard","hentry","category-actualite","category-algerie"],"_links":{"self":[{"href":"https:\/\/linitiative.ca\/International\/wp-json\/wp\/v2\/posts\/122234","targetHints":{"allow":["GET"]}}],"collection":[{"href":"https:\/\/linitiative.ca\/International\/wp-json\/wp\/v2\/posts"}],"about":[{"href":"https:\/\/linitiative.ca\/International\/wp-json\/wp\/v2\/types\/post"}],"author":[{"embeddable":true,"href":"https:\/\/linitiative.ca\/International\/wp-json\/wp\/v2\/users\/1742"}],"replies":[{"embeddable":true,"href":"https:\/\/linitiative.ca\/International\/wp-json\/wp\/v2\/comments?post=122234"}],"version-history":[{"count":0,"href":"https:\/\/linitiative.ca\/International\/wp-json\/wp\/v2\/posts\/122234\/revisions"}],"wp:attachment":[{"href":"https:\/\/linitiative.ca\/International\/wp-json\/wp\/v2\/media?parent=122234"}],"wp:term":[{"taxonomy":"category","embeddable":true,"href":"https:\/\/linitiative.ca\/International\/wp-json\/wp\/v2\/categories?post=122234"},{"taxonomy":"post_tag","embeddable":true,"href":"https:\/\/linitiative.ca\/International\/wp-json\/wp\/v2\/tags?post=122234"}],"curies":[{"name":"wp","href":"https:\/\/api.w.org\/{rel}","templated":true}]}}