{"id":122239,"date":"2021-07-24T06:28:17","date_gmt":"2021-07-24T10:28:17","guid":{"rendered":"https:\/\/linitiative.ca\/International\/la-radess-tient-son-conseil-dadministration\/"},"modified":"2021-07-24T06:28:17","modified_gmt":"2021-07-24T10:28:17","slug":"la-radess-tient-son-conseil-dadministration","status":"publish","type":"post","link":"https:\/\/linitiative.ca\/International\/la-radess-tient-son-conseil-dadministration\/","title":{"rendered":"La RADESS tient son conseil d\u2019administration"},"content":{"rendered":"<div>\n<div style=\"margin-bottom:20px;\"><img loading=\"lazy\" decoding=\"async\" width=\"750\" height=\"430\" src=\"https:\/\/linitiative.ca\/International\/wp-content\/uploads\/sites\/23\/2021\/07\/safi-ville-1-copier-1.jpg\" class=\"attachment-post-thumbnail size-post-thumbnail wp-post-image\" alt=\"\" srcset=\"https:\/\/linitiative.ca\/International\/wp-content\/uploads\/sites\/23\/2021\/07\/safi-ville-1-copier-1.jpg 750w, http:\/\/www.mapmarrakech.ma\/map\/uploads\/2021\/07\/safi-ville-1-copier-1-300x172.jpg 300w\" sizes=\"auto, (max-width: 750px) 100vw, 750px\"><\/div>\n<p>Pr\u00e9sid\u00e9e par le gouverneur de la province, El Houssine Chaynane, cette session a \u00e9t\u00e9 ponctu\u00e9e d\u2019un expos\u00e9 exhaustif et d\u00e9taill\u00e9, pr\u00e9sent\u00e9 par la directrice g\u00e9n\u00e9rale de la RADEES, Mme Bouchra Barradi, sur les faits marquants de l\u2019ann\u00e9e 2020 et les comptes officiels de la R\u00e9gie au titre de l\u2019exercice 2020.<\/p>\n<p>Ainsi, les investissements r\u00e9alis\u00e9s par la R\u00e9gie au titre de l\u2019ann\u00e9e \u00e9coul\u00e9e se sont \u00e9lev\u00e9es \u00e0 70 millions de DH (MDH), r\u00e9partis par activit\u00e9 entre 16 MDH en \u00e9lectricit\u00e9, 13 MDH en eau potable, 40 MDH en assainissement liquide, soit un taux de 57% du montant global, et 997.000 DH en m\u00e9tiers supports, pr\u00e9cise la RADEES dans un communiqu\u00e9.<\/p>\n<p>Sur les plans commercial et financier, la RADEES a r\u00e9alis\u00e9 un chiffre d\u2019affaires de 403 MDH et une capacit\u00e9 d\u2019autofinancement de 24 MDH ainsi qu\u2019une tr\u00e9sorerie nette de 244 MDH.<\/p>\n<p>Intervenant \u00e0 cette occasion, Mme Barradi a mis l\u2019accent sur les actions ayant permis l\u2019am\u00e9lioration des performances, la satisfaction du client et l\u2019avancement du projet d\u2019assainissement liquide, \u00e0 savoir : la cr\u00e9ation d\u2019un d\u00e9part MT de secours issu du poste source Safi II pour la s\u00e9curisation de la zone sud, la construction d\u2019un r\u00e9servoir sur\u00e9lev\u00e9 de 1000 m3 pour l\u2019alimentation de la ville de Sebt Gzoula et la r\u00e9alisation des \u00e9tudes sectorielles pour divers quartiers de la ville de Safi, des ouvrages de protection de la place Sidi Boudheb contre les inondations et des tron\u00e7ons R34 et R54 de l\u2019intercepteur 3 \u00e0 l\u2019est de la ville (travaux en galerie).<\/p>\n<p>Il s\u2019agit \u00e9galement du renouvellement, du renforcement et de l\u2019extension du r\u00e9seau de distribution d\u2019\u00e9lectricit\u00e9 sur une longueur de 31 Km et la pose de 35 Km de r\u00e9seau d\u2019eau potable, ainsi que la pose de 24 Km de conduites de collecte des eaux us\u00e9es, de la r\u00e9alisation de 929 branchements neufs en \u00e9lectricit\u00e9, de 1.601 branchements neufs en eau potable et de 527 raccordements au r\u00e9seau d\u2019assainissement liquide, de l\u2019\u00e9quipement des lotissements et quartiers p\u00e9riph\u00e9riques en r\u00e9seau d\u2019assainissement liquide et du curage hydraulique de 86 km de r\u00e9seau, de l\u2019entretien de 3.675 branchements ainsi que de la mise en place de 378 tampons et grilles, explique la m\u00eame source.<\/p>\n<p>Le Conseil d\u2019Administration a \u00e9t\u00e9 aussi inform\u00e9 de l\u2019opinion des auditeurs externes qui ont certifi\u00e9 les comptes de la R\u00e9gie, arr\u00eat\u00e9s au 31 d\u00e9cembre 2020 sans aucune r\u00e9serve, souligne le communiqu\u00e9.<\/p>\n<p>Et d\u2019ajouter que le Conseil d\u2019Administration de la RADEES a, par la suite, approuv\u00e9 \u00e0 l\u2019unanimit\u00e9 lesdits comptes et les points inscrits \u00e0 l\u2019ordre du jour.<\/p>\n<p>A cette occasion, M. Chaynane s\u2019est f\u00e9licit\u00e9 des efforts d\u00e9ploy\u00e9s par Mme Barradi et son staff technique et administratif afin d\u2019am\u00e9liorer la qualit\u00e9 du service rendu \u00e0 la population et de mettre \u00e0 leur disposition de multiples canaux de communication pour le traitement de leurs dossiers \u00e0 distance, dans cette p\u00e9riode de la pand\u00e9mie du coronavirus, tout en assurant l\u2019approvisionnement en Eau potable et en Electricit\u00e9 dans sa zone d\u2019action.<\/p>\n<p>Ont pris part \u00e0 cette session, le pr\u00e9sident de la collectivit\u00e9 territoriale de Sebt Gzoula et les repr\u00e9sentants des administrations centrales et des communes de Safi et de Tlet Bouguedra.<\/p>\n<p>The post <a rel=\"nofollow\" href=\"http:\/\/www.mapmarrakech.ma\/fr\/la-radess-tient-son-conseil-dadministration\/\">La RADESS tient son conseil d\u2019administration<\/a> appeared first on <a rel=\"nofollow\" href=\"http:\/\/www.mapmarrakech.ma\/fr\">MapMarrakech<\/a>.<\/p>\n<\/div>\n<p>Auteur: Meriem IGASS<br \/>\n<a href=\"http:\/\/www.mapmarrakech.ma\/fr\/la-radess-tient-son-conseil-dadministration\/\">Cliquez ici pour lire l&rsquo;article depuis sa source.<\/a><\/p>\n","protected":false},"excerpt":{"rendered":"<p>Pr\u00e9sid\u00e9e par le gouverneur de la province, El Houssine Chaynane, cette session a \u00e9t\u00e9 ponctu\u00e9e d\u2019un expos\u00e9 exhaustif et d\u00e9taill\u00e9, pr\u00e9sent\u00e9 par la directrice g\u00e9n\u00e9rale de la RADEES, Mme Bouchra Barradi, sur les faits marquants de l\u2019ann\u00e9e 2020 et les comptes officiels de la R\u00e9gie au titre de l\u2019exercice 2020. Ainsi, les investissements r\u00e9alis\u00e9s par [&hellip;]<\/p>\n","protected":false},"author":1788,"featured_media":0,"comment_status":"closed","ping_status":"closed","sticky":false,"template":"","format":"standard","meta":{"fifu_image_url":"http:\/\/www.mapmarrakech.ma\/map\/uploads\/2021\/07\/safi-ville-1-copier-1.jpg","fifu_image_alt":"La RADESS tient son conseil d\u2019administration","footnotes":""},"categories":[54,76],"tags":[],"class_list":["post-122239","post","type-post","status-publish","format-standard","hentry","category-maroc","category-regions"],"_links":{"self":[{"href":"https:\/\/linitiative.ca\/International\/wp-json\/wp\/v2\/posts\/122239","targetHints":{"allow":["GET"]}}],"collection":[{"href":"https:\/\/linitiative.ca\/International\/wp-json\/wp\/v2\/posts"}],"about":[{"href":"https:\/\/linitiative.ca\/International\/wp-json\/wp\/v2\/types\/post"}],"author":[{"embeddable":true,"href":"https:\/\/linitiative.ca\/International\/wp-json\/wp\/v2\/users\/1788"}],"replies":[{"embeddable":true,"href":"https:\/\/linitiative.ca\/International\/wp-json\/wp\/v2\/comments?post=122239"}],"version-history":[{"count":0,"href":"https:\/\/linitiative.ca\/International\/wp-json\/wp\/v2\/posts\/122239\/revisions"}],"wp:attachment":[{"href":"https:\/\/linitiative.ca\/International\/wp-json\/wp\/v2\/media?parent=122239"}],"wp:term":[{"taxonomy":"category","embeddable":true,"href":"https:\/\/linitiative.ca\/International\/wp-json\/wp\/v2\/categories?post=122239"},{"taxonomy":"post_tag","embeddable":true,"href":"https:\/\/linitiative.ca\/International\/wp-json\/wp\/v2\/tags?post=122239"}],"curies":[{"name":"wp","href":"https:\/\/api.w.org\/{rel}","templated":true}]}}