{"id":122243,"date":"2021-07-24T13:57:48","date_gmt":"2021-07-24T17:57:48","guid":{"rendered":"https:\/\/linitiative.ca\/International\/les-artistes-nadia-ouchatar-et-ahmed-harrouz-celebrent-la-paix-et-lamour\/"},"modified":"2021-07-24T13:57:48","modified_gmt":"2021-07-24T17:57:48","slug":"les-artistes-nadia-ouchatar-et-ahmed-harrouz-celebrent-la-paix-et-lamour","status":"publish","type":"post","link":"https:\/\/linitiative.ca\/International\/les-artistes-nadia-ouchatar-et-ahmed-harrouz-celebrent-la-paix-et-lamour\/","title":{"rendered":"Les artistes Nadia Ouchatar et Ahmed Harrouz c\u00e9l\u00e8brent la paix et l\u2019amour"},"content":{"rendered":"<div>\n<div style=\"margin-bottom:20px;\"><img loading=\"lazy\" decoding=\"async\" width=\"750\" height=\"430\" src=\"https:\/\/linitiative.ca\/International\/wp-content\/uploads\/sites\/23\/2021\/07\/expos-harrouz-essaouira-copier.jpg\" class=\"attachment-post-thumbnail size-post-thumbnail wp-post-image\" alt=\"\" srcset=\"https:\/\/linitiative.ca\/International\/wp-content\/uploads\/sites\/23\/2021\/07\/expos-harrouz-essaouira-copier.jpg 750w, http:\/\/www.mapmarrakech.ma\/map\/uploads\/2021\/07\/expos-harrouz-essaouira-copier-300x172.jpg 300w\" sizes=\"auto, (max-width: 750px) 100vw, 750px\"><\/div>\n<p>Initi\u00e9e par l\u2019Association Essaouira-Mogador sous le signe \u00ab\u00a0La paix et l\u2019amour \u00e0 Essaouira\u00a0\u00bb, dans le strict respect des mesures pr\u00e9ventives en vigueur pour endiguer la propagation de la Covid-19, cette exposition, dont le vernissage s\u2019est d\u00e9roul\u00e9, vendredi, offre l\u2019opportunit\u00e9 aux passionn\u00e9s des beaux arts parmi les habitants et les visiteurs de la Cit\u00e9 des Aliz\u00e9s en cette p\u00e9riode estivale, de d\u00e9couvrir les r\u00e9centes cr\u00e9ations de ces deux artistes autodidactes, bas\u00e9s \u00e0 Essaouira, et d\u2019appr\u00e9cier \u00e0 sa juste valeur leurs talents exceptionnels et leurs styles bien diff\u00e9renci\u00e9s.<\/p>\n<p>Cette nouvelle exp\u00e9rience, la deuxi\u00e8me du genre qui les rassemble \u00e0 l\u2019espace d\u2019exposition \u00ab\u00a0Tayeb Seddiki\u00a0\u00bb \u00e0 Dar Souiri, met en avant 26 toiles de diff\u00e9rents formats, ing\u00e9nieusement r\u00e9alis\u00e9es pour illustrer, de mani\u00e8re \u00e9loquente, l\u2019immense passion qui animent Nadia Ouchatar et son \u00e9poux Ahmed Harrouz.<\/p>\n<p>Ces \u0153uvres, r\u00e9alis\u00e9es avec une grande finesse et une subtilit\u00e9 artistique propre \u00e0 ce couple de Mogador, mettent en relief la sensibilit\u00e9 et le savoir-faire que d\u00e9gagent les styles et modes d\u2019expression de ces deux artistes engag\u00e9s, qui s\u2019emploient aussi, depuis plusieurs ann\u00e9es, \u00e0 apporter leur pierre \u00e0 la dynamique de l\u2019action associative et de la sc\u00e8ne culturelle dans la Cit\u00e9 des Aliz\u00e9s.<\/p>\n<p>Depuis la derni\u00e8re exposition, initi\u00e9e en plein confinement en ao\u00fbt 2020, \u00e9galement \u00e0 Dar Souiri, et que \u00ab\u00a0nous avions pr\u00e9sent\u00e9e en la formulant +L\u2019Art et l\u2019Amour \u00e0 Mogador+, nous avons r\u00e9colt\u00e9 -comme toujours- la foi en l\u2019espoir au sein de notre cit\u00e9, et nous reprenons le m\u00eame sentiment positif dans cette nouvelle exposition \u00e0 Dar Souiri\u00a0\u00bb, soulignent les deux artistes en pr\u00e9sentant ce travail.<\/p>\n<p>\u00ab\u00a0En revenant alors avec cette nouvelle exposition, avec d\u2019autres travaux et de nouveaux messages, parrain\u00e9s par l\u2019Association Essaouira Mogador et soutenus par les artistes souiris, les acteurs associatifs et les ami(e)s d\u2019Essaouira, nous traduisons l\u2019impact de l\u2019identit\u00e9 de notre ville sur nos m\u00e9ditations spirituelles\u00a0\u00bb, expliquent-ils.<\/p>\n<p>Et de poursuivre que \u00ab\u00a0nous formulons ce retour par la Paix et l\u2019Amour \u00e0 Essaouira, comme elle a connu cela depuis sa fondation et particuli\u00e8rement depuis les ann\u00e9es 60, interpr\u00e9t\u00e9 par les musiciens du monde qui \u00e9taient venus s\u2019y reposer, en chantant les valeurs universelles que nous partageons\u00a0\u00bb.<\/p>\n<p>\u00ab\u00a0L\u2019art pictural serait alors pour nous une expression dans l\u2019histoire de l\u2019art \u00e0 Mogador de ce que nous retenons -intemporellement- de la vie dans ce monde, comme beaut\u00e9 ou comme riposte contre la laideur\u00a0\u00bb, soutiennent-ils.<\/p>\n<p>Ainsi, avec les dessins de M. Harrouz et les travaux picturaux -en technique mixte- de Mme Ouchatar, les deux artistes souhaitent encore une fois \u00ab\u00a0partager avec tout un chacun -dans ce monde tel qu\u2019il est-, la conviction infinie en la Paix et l\u2019Amour \u00e0 partir d\u2019Essaouira\u00a0\u00bb.<\/p>\n<p>The post <a rel=\"nofollow\" href=\"http:\/\/www.mapmarrakech.ma\/fr\/les-artistes-nadia-ouchatar-et-ahmed-harrouz-celebrent-la-paix-et-lamour\/\">Les artistes Nadia Ouchatar et Ahmed Harrouz c\u00e9l\u00e8brent la paix et l\u2019amour<\/a> appeared first on <a rel=\"nofollow\" href=\"http:\/\/www.mapmarrakech.ma\/fr\">MapMarrakech<\/a>.<\/p>\n<\/div>\n<p>Auteur: Meriem IGASS<br \/>\n<a href=\"http:\/\/www.mapmarrakech.ma\/fr\/les-artistes-nadia-ouchatar-et-ahmed-harrouz-celebrent-la-paix-et-lamour\/\">Cliquez ici pour lire l&rsquo;article depuis sa source.<\/a><\/p>\n","protected":false},"excerpt":{"rendered":"<p>Initi\u00e9e par l\u2019Association Essaouira-Mogador sous le signe \u00ab\u00a0La paix et l\u2019amour \u00e0 Essaouira\u00a0\u00bb, dans le strict respect des mesures pr\u00e9ventives en vigueur pour endiguer la propagation de la Covid-19, cette exposition, dont le vernissage s\u2019est d\u00e9roul\u00e9, vendredi, offre l\u2019opportunit\u00e9 aux passionn\u00e9s des beaux arts parmi les habitants et les visiteurs de la Cit\u00e9 des Aliz\u00e9s [&hellip;]<\/p>\n","protected":false},"author":1788,"featured_media":0,"comment_status":"closed","ping_status":"closed","sticky":false,"template":"","format":"standard","meta":{"fifu_image_url":"http:\/\/www.mapmarrakech.ma\/map\/uploads\/2021\/07\/expos-harrouz-essaouira-copier.jpg","fifu_image_alt":"Les artistes Nadia Ouchatar et Ahmed Harrouz c\u00e9l\u00e8brent la paix et l\u2019amour","footnotes":""},"categories":[54,76],"tags":[],"class_list":["post-122243","post","type-post","status-publish","format-standard","hentry","category-maroc","category-regions"],"_links":{"self":[{"href":"https:\/\/linitiative.ca\/International\/wp-json\/wp\/v2\/posts\/122243","targetHints":{"allow":["GET"]}}],"collection":[{"href":"https:\/\/linitiative.ca\/International\/wp-json\/wp\/v2\/posts"}],"about":[{"href":"https:\/\/linitiative.ca\/International\/wp-json\/wp\/v2\/types\/post"}],"author":[{"embeddable":true,"href":"https:\/\/linitiative.ca\/International\/wp-json\/wp\/v2\/users\/1788"}],"replies":[{"embeddable":true,"href":"https:\/\/linitiative.ca\/International\/wp-json\/wp\/v2\/comments?post=122243"}],"version-history":[{"count":0,"href":"https:\/\/linitiative.ca\/International\/wp-json\/wp\/v2\/posts\/122243\/revisions"}],"wp:attachment":[{"href":"https:\/\/linitiative.ca\/International\/wp-json\/wp\/v2\/media?parent=122243"}],"wp:term":[{"taxonomy":"category","embeddable":true,"href":"https:\/\/linitiative.ca\/International\/wp-json\/wp\/v2\/categories?post=122243"},{"taxonomy":"post_tag","embeddable":true,"href":"https:\/\/linitiative.ca\/International\/wp-json\/wp\/v2\/tags?post=122243"}],"curies":[{"name":"wp","href":"https:\/\/api.w.org\/{rel}","templated":true}]}}