{"id":122253,"date":"2021-07-24T14:11:14","date_gmt":"2021-07-24T18:11:14","guid":{"rendered":"https:\/\/linitiative.ca\/International\/les-centres-de-vaccination-ouverts-tous-les-jours-jusqua-20-heures\/"},"modified":"2021-07-24T14:11:14","modified_gmt":"2021-07-24T18:11:14","slug":"les-centres-de-vaccination-ouverts-tous-les-jours-jusqua-20-heures","status":"publish","type":"post","link":"https:\/\/linitiative.ca\/International\/les-centres-de-vaccination-ouverts-tous-les-jours-jusqua-20-heures\/","title":{"rendered":"Les centres de vaccination ouverts tous les jours jusqu\u2019\u00e0 20 heures"},"content":{"rendered":"<div>\n<div style=\"margin-bottom:20px;\"><img loading=\"lazy\" decoding=\"async\" width=\"750\" height=\"430\" src=\"https:\/\/linitiative.ca\/International\/wp-content\/uploads\/sites\/23\/2021\/07\/Vaccination-des-cadre-C3A9ducatives-C3A0-Oujda-750C397430-MAPOUJDA.jpg\" class=\"attachment-post-thumbnail size-post-thumbnail wp-post-image\" alt=\"\" srcset=\"https:\/\/linitiative.ca\/International\/wp-content\/uploads\/sites\/23\/2021\/07\/Vaccination-des-cadre-C3A9ducatives-C3A0-Oujda-750C397430-MAPOUJDA.jpg 750w, http:\/\/www.mapoujda.ma\/map\/uploads\/2021\/02\/Vaccination-des-cadre-\u00e9ducatives-\u00e0-Oujda-750\u00d7430-MAPOUJDA-300x172.jpg 300w\" sizes=\"auto, (max-width: 750px) 100vw, 750px\"><\/div>\n<div>\n<p style=\"text-align: justify;\">Le minist\u00e8re de la Sant\u00e9 a annonc\u00e9, samedi, que les centres de vaccination anti-Covid-19 seront ouverts tous les jours\u00a0jusqu\u2019\u00e0 20 heures, \u00e0 partir de dimanche.<\/p>\n<p style=\"text-align: justify;\">Cette mesure, a indiqu\u00e9 le minist\u00e8re dans un communiqu\u00e9, s\u2019inscrit dans le cadre de l\u2019acc\u00e9l\u00e9ration du processus de vaccination anti-Covid-19.<\/p>\n<p style=\"text-align: justify;\">Les citoyens concern\u00e9s sont, ainsi, appel\u00e9s \u00e0 se rendre aux centres de vaccination pour recevoir leurs doses, souligne le communiqu\u00e9.<\/p>\n<\/div>\n<p>L\u2019article <a rel=\"nofollow\" href=\"http:\/\/www.mapoujda.ma\/fr\/les-centres-de-vaccination-ouverts-tous-les-jours-jusqua-20-heures\/\">Les centres de vaccination ouverts tous les jours jusqu\u2019\u00e0 20 heures<\/a> est apparu en premier sur <a rel=\"nofollow\" href=\"http:\/\/www.mapoujda.ma\/fr\">MapOujda<\/a>.<\/p>\n<\/div>\n<p>Auteur: Soufiane ELAHMAR<br \/>\n<a href=\"http:\/\/www.mapoujda.ma\/fr\/les-centres-de-vaccination-ouverts-tous-les-jours-jusqua-20-heures\/\">Cliquez ici pour lire l&rsquo;article depuis sa source.<\/a><\/p>\n","protected":false},"excerpt":{"rendered":"<p>Le minist\u00e8re de la Sant\u00e9 a annonc\u00e9, samedi, que les centres de vaccination anti-Covid-19 seront ouverts tous les jours\u00a0jusqu\u2019\u00e0 20 heures, \u00e0 partir de dimanche. Cette mesure, a indiqu\u00e9 le minist\u00e8re dans un communiqu\u00e9, s\u2019inscrit dans le cadre de l\u2019acc\u00e9l\u00e9ration du processus de vaccination anti-Covid-19. Les citoyens concern\u00e9s sont, ainsi, appel\u00e9s \u00e0 se rendre aux [&hellip;]<\/p>\n","protected":false},"author":1788,"featured_media":0,"comment_status":"closed","ping_status":"closed","sticky":false,"template":"","format":"standard","meta":{"fifu_image_url":"http:\/\/www.mapoujda.ma\/map\/uploads\/2021\/02\/Vaccination-des-cadre-\u00e9ducatives-\u00e0-Oujda-750\u00d7430-MAPOUJDA.jpg","fifu_image_alt":"Les centres de vaccination ouverts tous les jours jusqu\u2019\u00e0 20 heures","footnotes":""},"categories":[54,76],"tags":[],"class_list":["post-122253","post","type-post","status-publish","format-standard","hentry","category-maroc","category-regions"],"_links":{"self":[{"href":"https:\/\/linitiative.ca\/International\/wp-json\/wp\/v2\/posts\/122253","targetHints":{"allow":["GET"]}}],"collection":[{"href":"https:\/\/linitiative.ca\/International\/wp-json\/wp\/v2\/posts"}],"about":[{"href":"https:\/\/linitiative.ca\/International\/wp-json\/wp\/v2\/types\/post"}],"author":[{"embeddable":true,"href":"https:\/\/linitiative.ca\/International\/wp-json\/wp\/v2\/users\/1788"}],"replies":[{"embeddable":true,"href":"https:\/\/linitiative.ca\/International\/wp-json\/wp\/v2\/comments?post=122253"}],"version-history":[{"count":0,"href":"https:\/\/linitiative.ca\/International\/wp-json\/wp\/v2\/posts\/122253\/revisions"}],"wp:attachment":[{"href":"https:\/\/linitiative.ca\/International\/wp-json\/wp\/v2\/media?parent=122253"}],"wp:term":[{"taxonomy":"category","embeddable":true,"href":"https:\/\/linitiative.ca\/International\/wp-json\/wp\/v2\/categories?post=122253"},{"taxonomy":"post_tag","embeddable":true,"href":"https:\/\/linitiative.ca\/International\/wp-json\/wp\/v2\/tags?post=122253"}],"curies":[{"name":"wp","href":"https:\/\/api.w.org\/{rel}","templated":true}]}}