{"id":122257,"date":"2021-07-24T08:20:00","date_gmt":"2021-07-24T12:20:00","guid":{"rendered":"https:\/\/linitiative.ca\/International\/jo-judo-fethi-nourine-suspendu-par-la-federation-internationale-de-judo\/"},"modified":"2021-07-24T08:20:00","modified_gmt":"2021-07-24T12:20:00","slug":"jo-judo-fethi-nourine-suspendu-par-la-federation-internationale-de-judo","status":"publish","type":"post","link":"https:\/\/linitiative.ca\/International\/jo-judo-fethi-nourine-suspendu-par-la-federation-internationale-de-judo\/","title":{"rendered":"JO &#8211; Judo : Fethi Nourine suspendu par la f\u00e9d\u00e9ration internationale de judo"},"content":{"rendered":"<div>Le judoka Fethi Nourine a \u00e9t\u00e9 suspendu samedi par la F\u00e9d\u00e9ration internationale de judo. L&rsquo;athl\u00e8te alg\u00e9rien avait renonc\u00e9 jeudi au tournoi olympique pour ne pas affronter un adversaire isra\u00e9lien<img loading=\"lazy\" decoding=\"async\" src=\"http:\/\/feeds.feedburner.com\/~r\/GalerieFArtciles\/~4\/ozt3bYGG9gk\" height=\"1\" width=\"1\" alt=\"\"><\/div>\n<p>Auteur:<br \/>\n<a href=\"http:\/\/www.lebuteur.com\/article\/detail?titre=jo-judo-fethi-nourine-suspendu-par-la-federation-internationale-de-judo&#038;id=100681&#038;utm_source=feedburner&#038;utm_medium=feed&#038;utm_campaign=Feed%3A+GalerieFArtciles+%28Les+derniers+articles++-+lebuteur.com%29\">Cliquez ici pour lire l&rsquo;article depuis sa source.<\/a><\/p>\n","protected":false},"excerpt":{"rendered":"<p>Le judoka Fethi Nourine a \u00e9t\u00e9 suspendu samedi par la F\u00e9d\u00e9ration internationale de judo. L&rsquo;athl\u00e8te alg\u00e9rien avait renonc\u00e9 jeudi au tournoi olympique pour ne pas affronter un adversaire isra\u00e9lien Auteur: Cliquez ici pour lire l&rsquo;article depuis sa source.<\/p>\n","protected":false},"author":1738,"featured_media":0,"comment_status":"closed","ping_status":"closed","sticky":false,"template":"","format":"standard","meta":{"fifu_image_url":"http:\/\/feeds.feedburner.com\/~r\/GalerieFArtciles\/~4\/ozt3bYGG9gk","fifu_image_alt":"JO - Judo : Fethi Nourine suspendu par la f\u00e9d\u00e9ration internationale de judo","footnotes":""},"categories":[53,75],"tags":[],"class_list":["post-122257","post","type-post","status-publish","format-standard","hentry","category-algerie","category-sport"],"_links":{"self":[{"href":"https:\/\/linitiative.ca\/International\/wp-json\/wp\/v2\/posts\/122257","targetHints":{"allow":["GET"]}}],"collection":[{"href":"https:\/\/linitiative.ca\/International\/wp-json\/wp\/v2\/posts"}],"about":[{"href":"https:\/\/linitiative.ca\/International\/wp-json\/wp\/v2\/types\/post"}],"author":[{"embeddable":true,"href":"https:\/\/linitiative.ca\/International\/wp-json\/wp\/v2\/users\/1738"}],"replies":[{"embeddable":true,"href":"https:\/\/linitiative.ca\/International\/wp-json\/wp\/v2\/comments?post=122257"}],"version-history":[{"count":0,"href":"https:\/\/linitiative.ca\/International\/wp-json\/wp\/v2\/posts\/122257\/revisions"}],"wp:attachment":[{"href":"https:\/\/linitiative.ca\/International\/wp-json\/wp\/v2\/media?parent=122257"}],"wp:term":[{"taxonomy":"category","embeddable":true,"href":"https:\/\/linitiative.ca\/International\/wp-json\/wp\/v2\/categories?post=122257"},{"taxonomy":"post_tag","embeddable":true,"href":"https:\/\/linitiative.ca\/International\/wp-json\/wp\/v2\/tags?post=122257"}],"curies":[{"name":"wp","href":"https:\/\/api.w.org\/{rel}","templated":true}]}}