{"id":122258,"date":"2021-07-24T08:38:00","date_gmt":"2021-07-24T12:38:00","guid":{"rendered":"https:\/\/linitiative.ca\/International\/boxe-jo-2020-lalgerien-benchabla-91-kg-qualifie-en-8es-de-finale\/"},"modified":"2021-07-24T08:38:00","modified_gmt":"2021-07-24T12:38:00","slug":"boxe-jo-2020-lalgerien-benchabla-91-kg-qualifie-en-8es-de-finale","status":"publish","type":"post","link":"https:\/\/linitiative.ca\/International\/boxe-jo-2020-lalgerien-benchabla-91-kg-qualifie-en-8es-de-finale\/","title":{"rendered":"Boxe-JO-2020: l&rsquo;Alg\u00e9rien Benchabla (91 kg) qualifi\u00e9 en 8es de finale"},"content":{"rendered":"<div>L&rsquo;Alg\u00e9rien Abdelhafid Benchabla (91 kg) s&rsquo;est qualifi\u00e9 en huiti\u00e8mes de finale du tournoi de boxe des Jeux olympiques 2020 de Tokyo&#8230;<img loading=\"lazy\" decoding=\"async\" src=\"http:\/\/feeds.feedburner.com\/~r\/GalerieFArtciles\/~4\/e-6cO8cYsKs\" height=\"1\" width=\"1\" alt=\"\"><\/div>\n<p>Auteur:<br \/>\n<a href=\"http:\/\/www.lebuteur.com\/article\/detail?titre=boxe-jo-2020-lalgerien-benchabla-91-kg-qualifie-en-8es-de-finale&#038;id=100682&#038;utm_source=feedburner&#038;utm_medium=feed&#038;utm_campaign=Feed%3A+GalerieFArtciles+%28Les+derniers+articles++-+lebuteur.com%29\">Cliquez ici pour lire l&rsquo;article depuis sa source.<\/a><\/p>\n","protected":false},"excerpt":{"rendered":"<p>L&rsquo;Alg\u00e9rien Abdelhafid Benchabla (91 kg) s&rsquo;est qualifi\u00e9 en huiti\u00e8mes de finale du tournoi de boxe des Jeux olympiques 2020 de Tokyo&#8230; Auteur: Cliquez ici pour lire l&rsquo;article depuis sa source.<\/p>\n","protected":false},"author":1738,"featured_media":0,"comment_status":"closed","ping_status":"closed","sticky":false,"template":"","format":"standard","meta":{"fifu_image_url":"http:\/\/feeds.feedburner.com\/~r\/GalerieFArtciles\/~4\/e-6cO8cYsKs","fifu_image_alt":"<div>Boxe-JO-2020: l'Alg\u00e9rien Benchabla (91 kg) qualifi\u00e9 en 8es de finale<\/div>","footnotes":""},"categories":[53,75],"tags":[],"class_list":["post-122258","post","type-post","status-publish","format-standard","hentry","category-algerie","category-sport"],"_links":{"self":[{"href":"https:\/\/linitiative.ca\/International\/wp-json\/wp\/v2\/posts\/122258","targetHints":{"allow":["GET"]}}],"collection":[{"href":"https:\/\/linitiative.ca\/International\/wp-json\/wp\/v2\/posts"}],"about":[{"href":"https:\/\/linitiative.ca\/International\/wp-json\/wp\/v2\/types\/post"}],"author":[{"embeddable":true,"href":"https:\/\/linitiative.ca\/International\/wp-json\/wp\/v2\/users\/1738"}],"replies":[{"embeddable":true,"href":"https:\/\/linitiative.ca\/International\/wp-json\/wp\/v2\/comments?post=122258"}],"version-history":[{"count":0,"href":"https:\/\/linitiative.ca\/International\/wp-json\/wp\/v2\/posts\/122258\/revisions"}],"wp:attachment":[{"href":"https:\/\/linitiative.ca\/International\/wp-json\/wp\/v2\/media?parent=122258"}],"wp:term":[{"taxonomy":"category","embeddable":true,"href":"https:\/\/linitiative.ca\/International\/wp-json\/wp\/v2\/categories?post=122258"},{"taxonomy":"post_tag","embeddable":true,"href":"https:\/\/linitiative.ca\/International\/wp-json\/wp\/v2\/tags?post=122258"}],"curies":[{"name":"wp","href":"https:\/\/api.w.org\/{rel}","templated":true}]}}