{"id":122263,"date":"2021-07-24T05:40:33","date_gmt":"2021-07-24T09:40:33","guid":{"rendered":"https:\/\/linitiative.ca\/International\/le-journal-le-monde-repond-au-maroc-et-a-nso\/"},"modified":"2021-07-24T05:40:33","modified_gmt":"2021-07-24T09:40:33","slug":"le-journal-le-monde-repond-au-maroc-et-a-nso","status":"publish","type":"post","link":"https:\/\/linitiative.ca\/International\/le-journal-le-monde-repond-au-maroc-et-a-nso\/","title":{"rendered":"Le journal Le Monde r\u00e9pond au Maroc et \u00e0 NSO"},"content":{"rendered":"<div>\n<div class=\"sriret\"><img decoding=\"async\" src=\"https:\/\/linitiative.ca\/International\/wp-content\/uploads\/sites\/23\/2021\/07\/default-picture-709x366_c-28.jpg\"><\/div>\n<p>Le journal fran\u00e7ais Le Monde a publi\u00e9, jeudi, un article dans lequel il a battu en br\u00e8che l\u2019argumentaire avanc\u00e9 par le royaume du Maroc et l\u2019entreprise isra\u00e9lienne NSO qui ont ni\u00e9 avoir utilis\u00e9 le logiciel espion Pegasus pour surveiller des journalistes et des personnalit\u00e9s.<\/p>\n<p>Dans son article, Le Monde a d\u00e9menti les affirmations du Maroc selon lesquelles ce pays ne serait pas client de NSO assurant que \u00able projet Pegasus a accumul\u00e9 de multiples \u00e9l\u00e9ments, tant techniques que concernant l\u2019identit\u00e9 des cibles, qui montrent tr\u00e8s clairement que le Maroc est client de NSO et op\u00e8re des surveillances \u00e9lectroniques par le biais de Pegasus\u00bb. \u00abDe nombreuses victimes du logiciel espion ont, par ailleurs, eu maille \u00e0 partir avec le renseignement marocain, dont des militants partisans de l\u2019ind\u00e9pendance du Sahara occidental ou des journalistes.<\/p>\n<p>L\u2019article <a rel=\"nofollow\" href=\"https:\/\/www.elwatan.com\/edition\/actualite\/le-journal-le-monde-repond-au-maroc-et-a-nso-24-07-2021\">Le journal Le Monde r\u00e9pond au Maroc et \u00e0 NSO<\/a> est apparu en premier sur <a rel=\"nofollow\" href=\"https:\/\/www.elwatan.com\/\">El Watan<\/a>.<\/p>\n<\/div>\n<p>Auteur: Hicham Chouadria<br \/>\n<a href=\"https:\/\/www.elwatan.com\/edition\/actualite\/le-journal-le-monde-repond-au-maroc-et-a-nso-24-07-2021\">Cliquez ici pour lire l&rsquo;article depuis sa source.<\/a><\/p>\n","protected":false},"excerpt":{"rendered":"<p>Le journal fran\u00e7ais Le Monde a publi\u00e9, jeudi, un article dans lequel il a battu en br\u00e8che l\u2019argumentaire avanc\u00e9 par le royaume du Maroc et l\u2019entreprise isra\u00e9lienne NSO qui ont ni\u00e9 avoir utilis\u00e9 le logiciel espion Pegasus pour surveiller des journalistes et des personnalit\u00e9s. Dans son article, Le Monde a d\u00e9menti les affirmations du Maroc [&hellip;]<\/p>\n","protected":false},"author":1743,"featured_media":0,"comment_status":"closed","ping_status":"closed","sticky":false,"template":"","format":"standard","meta":{"fifu_image_url":"https:\/\/www.elwatan.com\/wp-content\/themes\/spectr\/img\/default-picture-709x366_c.jpg","fifu_image_alt":"Le journal Le Monde r\u00e9pond au Maroc et \u00e0 NSO","footnotes":""},"categories":[73,53],"tags":[],"class_list":["post-122263","post","type-post","status-publish","format-standard","hentry","category-actualite","category-algerie"],"_links":{"self":[{"href":"https:\/\/linitiative.ca\/International\/wp-json\/wp\/v2\/posts\/122263","targetHints":{"allow":["GET"]}}],"collection":[{"href":"https:\/\/linitiative.ca\/International\/wp-json\/wp\/v2\/posts"}],"about":[{"href":"https:\/\/linitiative.ca\/International\/wp-json\/wp\/v2\/types\/post"}],"author":[{"embeddable":true,"href":"https:\/\/linitiative.ca\/International\/wp-json\/wp\/v2\/users\/1743"}],"replies":[{"embeddable":true,"href":"https:\/\/linitiative.ca\/International\/wp-json\/wp\/v2\/comments?post=122263"}],"version-history":[{"count":0,"href":"https:\/\/linitiative.ca\/International\/wp-json\/wp\/v2\/posts\/122263\/revisions"}],"wp:attachment":[{"href":"https:\/\/linitiative.ca\/International\/wp-json\/wp\/v2\/media?parent=122263"}],"wp:term":[{"taxonomy":"category","embeddable":true,"href":"https:\/\/linitiative.ca\/International\/wp-json\/wp\/v2\/categories?post=122263"},{"taxonomy":"post_tag","embeddable":true,"href":"https:\/\/linitiative.ca\/International\/wp-json\/wp\/v2\/tags?post=122263"}],"curies":[{"name":"wp","href":"https:\/\/api.w.org\/{rel}","templated":true}]}}