{"id":122269,"date":"2021-07-24T10:03:26","date_gmt":"2021-07-24T14:03:26","guid":{"rendered":"https:\/\/linitiative.ca\/International\/deces-du-metteur-en-scene-et-ancien-directeur-du-tr-de-sidi-bel-abbes-hacene-assous\/"},"modified":"2021-07-24T10:03:26","modified_gmt":"2021-07-24T14:03:26","slug":"deces-du-metteur-en-scene-et-ancien-directeur-du-tr-de-sidi-bel-abbes-hacene-assous","status":"publish","type":"post","link":"https:\/\/linitiative.ca\/International\/deces-du-metteur-en-scene-et-ancien-directeur-du-tr-de-sidi-bel-abbes-hacene-assous\/","title":{"rendered":"D\u00e9c\u00e8s du metteur en sc\u00e8ne et ancien directeur du TR de Sidi Bel Abb\u00e8s, Hacene Assous"},"content":{"rendered":"<div>\n<div class=\"sriret\"><img decoding=\"async\" src=\"https:\/\/linitiative.ca\/International\/wp-content\/uploads\/sites\/23\/2021\/07\/default-picture-709x366_c-30.jpg\"><\/div>\n<p><strong>L\u2019artiste com\u00e9dien et metteur en sc\u00e8ne, Hacene Assous, est d\u00e9c\u00e9d\u00e9 dans la nuit du vendredi au samedi,\u00a0\u00e0 l\u2019h\u00f4pital de Sidi Bel Abb\u00e8s, \u00e0 l\u2019\u00e2ge de 72 ans, des suites de la COVID-19. <\/strong><\/p>\n<p>\u00c9vacu\u00e9 vendredi dans l\u2019apr\u00e8s-midi vers l\u2019unit\u00e9 COVID de l\u2019h\u00f4pital Dahmani Slimane, l\u2019ancien directeur du Th\u00e9\u00e2tre r\u00e9gional de Sidi Bel Abb\u00e8s (TRSBA) a rendu l\u2019\u00e2me samedi \u00e0 l\u2019aube, apprend-on aupr\u00e8s de ses proches. \u00a0La disparition de Hacene Assous, un passionn\u00e9 du 4<sup>e<\/sup> art et \u00a0homme de grande valeur morale et humaine a immens\u00e9ment attrist\u00e9 les artistes et hommes de culture de la ville de la Mekerra.<\/p>\n<p>Avec lui, le th\u00e9\u00e2tre r\u00e9gional de Sidi Bel Abb\u00e8s a connu une intense activit\u00e9 et a vu \u00e9clore de tr\u00e8s nombreux talents artistiques. La passion pour la culture et le th\u00e9\u00e2tre, il l\u2019avait chevill\u00e9e au corps, lui dont l\u2019histoire personnelle a \u00e9pous\u00e9 celle de la troupe de Kateb Yacine. Fondateur de la coop\u00e9rative Lamalif, aux c\u00f4t\u00e9s de son \u00e9pouse Fadila Assous, Hacene avait essentiellement fait carri\u00e8re dans le th\u00e9\u00e2tre d\u2019Etat.<\/p>\n<p>En mars dernier, il est revenu sur son exp\u00e9rience dans le th\u00e9\u00e2tre dans un long entretien accord\u00e9 au site d\u2019information Alg\u00e9rie H24. Il a, dans cet entretien, \u00e9voqu\u00e9 notamment la cr\u00e9ation par Abdelkader Alloula de la coop\u00e9rative du 1 Mai \u00e0 Oran, en 1988, laquelle a encourag\u00e9 le groupe de Sidi Bel Abbes de prendre l\u2019initiative de cr\u00e9er la coop\u00e9rative\u00a0 Lamalif. <em>\u00ab A l\u2019\u00e9poque, les gens \u00e9taient contre la cr\u00e9ation de coop\u00e9ratives alors que ce syst\u00e8me est universel. En Italie et au Canada, il y a des festivals qui sont organis\u00e9s par des coop\u00e9ratives. Des artistes alg\u00e9riens \u00e9taient hostiles pr\u00e9textant que les coop\u00e9ratives \u00e9taient contre le secteur public alors que c\u2019\u00e9tait faux. Il s\u2019agit seulement d\u2019espaces de libert\u00e9 o\u00f9 nous pouvions monter des spectacles sur lesquels nous avions la ma\u00eetrise\u00bb<\/em>, a-t-il confi\u00e9 au site Alg\u00e9rie H24.<\/p>\n<p>Il y\u2019a quelques semaines, Hacene Assous nous confiait qu\u2019il voulait relancer la coop\u00e9rative th\u00e9\u00e2trale et renouer avec les tr\u00e9teaux car il consid\u00e9rait que son statut de retrait\u00e9 ne devait pas l\u2019emp\u00eacher de faire profiter les jeunes artistes de son exp\u00e9rience. Il avait encore beaucoup de projets en t\u00eate et la volont\u00e9 de perp\u00e9tuer la pratique th\u00e9\u00e2trale dans une ville qu\u2019il ch\u00e9rissait tant et o\u00f9 il gagna le respect et l\u2019amour de tant de personnes. Repose en paix l\u2019artiste.<\/p>\n<p style=\"text-align: right;\"><strong>M. Abdelkrim<\/strong><\/p>\n<p>L\u2019article <a rel=\"nofollow\" href=\"https:\/\/www.elwatan.com\/edition\/culture\/deces-du-metteur-en-scene-et-ancien-directeur-du-tr-de-sidi-bel-abbes-hacene-assous-24-07-2021\">D\u00e9c\u00e8s du metteur en sc\u00e8ne et ancien directeur du TR de Sidi Bel Abb\u00e8s, Hacene Assous<\/a> est apparu en premier sur <a rel=\"nofollow\" href=\"https:\/\/www.elwatan.com\/\">El Watan<\/a>.<\/p>\n<\/div>\n<p>Auteur: Mohand Yahiaoui<br \/>\n<a href=\"https:\/\/www.elwatan.com\/edition\/culture\/deces-du-metteur-en-scene-et-ancien-directeur-du-tr-de-sidi-bel-abbes-hacene-assous-24-07-2021\">Cliquez ici pour lire l&rsquo;article depuis sa source.<\/a><\/p>\n","protected":false},"excerpt":{"rendered":"<p>L\u2019artiste com\u00e9dien et metteur en sc\u00e8ne, Hacene Assous, est d\u00e9c\u00e9d\u00e9 dans la nuit du vendredi au samedi,\u00a0\u00e0 l\u2019h\u00f4pital de Sidi Bel Abb\u00e8s, \u00e0 l\u2019\u00e2ge de 72 ans, des suites de la COVID-19. \u00c9vacu\u00e9 vendredi dans l\u2019apr\u00e8s-midi vers l\u2019unit\u00e9 COVID de l\u2019h\u00f4pital Dahmani Slimane, l\u2019ancien directeur du Th\u00e9\u00e2tre r\u00e9gional de Sidi Bel Abb\u00e8s (TRSBA) a rendu [&hellip;]<\/p>\n","protected":false},"author":1743,"featured_media":0,"comment_status":"closed","ping_status":"closed","sticky":false,"template":"","format":"standard","meta":{"fifu_image_url":"https:\/\/www.elwatan.com\/wp-content\/themes\/spectr\/img\/default-picture-709x366_c.jpg","fifu_image_alt":"D\u00e9c\u00e8s du metteur en sc\u00e8ne et ancien directeur du TR de Sidi Bel Abb\u00e8s, Hacene Assous","footnotes":""},"categories":[73,53],"tags":[],"class_list":["post-122269","post","type-post","status-publish","format-standard","hentry","category-actualite","category-algerie"],"_links":{"self":[{"href":"https:\/\/linitiative.ca\/International\/wp-json\/wp\/v2\/posts\/122269","targetHints":{"allow":["GET"]}}],"collection":[{"href":"https:\/\/linitiative.ca\/International\/wp-json\/wp\/v2\/posts"}],"about":[{"href":"https:\/\/linitiative.ca\/International\/wp-json\/wp\/v2\/types\/post"}],"author":[{"embeddable":true,"href":"https:\/\/linitiative.ca\/International\/wp-json\/wp\/v2\/users\/1743"}],"replies":[{"embeddable":true,"href":"https:\/\/linitiative.ca\/International\/wp-json\/wp\/v2\/comments?post=122269"}],"version-history":[{"count":0,"href":"https:\/\/linitiative.ca\/International\/wp-json\/wp\/v2\/posts\/122269\/revisions"}],"wp:attachment":[{"href":"https:\/\/linitiative.ca\/International\/wp-json\/wp\/v2\/media?parent=122269"}],"wp:term":[{"taxonomy":"category","embeddable":true,"href":"https:\/\/linitiative.ca\/International\/wp-json\/wp\/v2\/categories?post=122269"},{"taxonomy":"post_tag","embeddable":true,"href":"https:\/\/linitiative.ca\/International\/wp-json\/wp\/v2\/tags?post=122269"}],"curies":[{"name":"wp","href":"https:\/\/api.w.org\/{rel}","templated":true}]}}