{"id":122275,"date":"2021-07-24T12:10:25","date_gmt":"2021-07-24T16:10:25","guid":{"rendered":"https:\/\/linitiative.ca\/International\/maghreb-afrique-subsaharienne-les-hypotheses-injustifiees-de-certains-think-tanks-allemands-par-lahcen-haddad\/"},"modified":"2021-07-24T12:10:25","modified_gmt":"2021-07-24T16:10:25","slug":"maghreb-afrique-subsaharienne-les-hypotheses-injustifiees-de-certains-think-tanks-allemands-par-lahcen-haddad","status":"publish","type":"post","link":"https:\/\/linitiative.ca\/International\/maghreb-afrique-subsaharienne-les-hypotheses-injustifiees-de-certains-think-tanks-allemands-par-lahcen-haddad\/","title":{"rendered":"Maghreb-Afrique subsaharienne. Les hypoth\u00e8ses injustifi\u00e9es de certains think tanks allemands [Par Lahcen Haddad]"},"content":{"rendered":"<div><img decoding=\"async\" width=\"750\" height=\"375\" src=\"https:\/\/linitiative.ca\/International\/wp-content\/uploads\/sites\/23\/2021\/07\/HADDAD.jpeg\" class=\"attachment-post-thumbnail size-post-thumbnail wp-post-image\" alt=\"\" loading=\"lazy\" srcset=\"https:\/\/linitiative.ca\/International\/wp-content\/uploads\/sites\/23\/2021\/07\/HADDAD.jpeg 750w, https:\/\/www.challenge.ma\/wp-content\/uploads\/2021\/07\/HADDAD-300x150.jpeg 300w, https:\/\/www.challenge.ma\/wp-content\/uploads\/2021\/07\/HADDAD-360x180.jpeg 360w\" sizes=\"auto, (max-width: 750px) 100vw, 750px\" itemprop=\"image\">Isabelle Werenfels, senior fellow dans la division Moyen-Orient et Afrique de la StiftungWissenschaftundPolitik (Institut allemand des affaires internationales et de s\u00e9curit\u00e9) bas\u00e9e \u00e0 Berlin, a r\u00e9cemment publi\u00e9 une courte \u00ab \u00e9tude \u00bb intitul\u00e9e \u00ab Rivalit\u00e9s maghr\u00e9bines sur l\u2019Afrique subsaharienne : l\u2019Alg\u00e9rie et la Tunisie cherchent \u00e0 suivre les pas du<\/div>\n<p>Auteur: challenge<br \/>\n<a href=\"https:\/\/www.challenge.ma\/maghreb-afrique-subsaharienne-les-hypotheses-injustifiees-de-certains-think-tanks-allemands-par-lahcen-haddad-193629\/\">Cliquez ici pour lire l&rsquo;article depuis sa source.<\/a><\/p>\n","protected":false},"excerpt":{"rendered":"<p>Isabelle Werenfels, senior fellow dans la division Moyen-Orient et Afrique de la StiftungWissenschaftundPolitik (Institut allemand des affaires internationales et de s\u00e9curit\u00e9) bas\u00e9e \u00e0 Berlin, a r\u00e9cemment publi\u00e9 une courte \u00ab \u00e9tude \u00bb intitul\u00e9e \u00ab Rivalit\u00e9s maghr\u00e9bines sur l\u2019Afrique subsaharienne : l\u2019Alg\u00e9rie et la Tunisie cherchent \u00e0 suivre les pas du Auteur: challenge Cliquez ici pour [&hellip;]<\/p>\n","protected":false},"author":1787,"featured_media":0,"comment_status":"closed","ping_status":"closed","sticky":false,"template":"","format":"standard","meta":{"fifu_image_url":"https:\/\/www.challenge.ma\/wp-content\/uploads\/2021\/07\/HADDAD.jpeg","fifu_image_alt":"Maghreb-Afrique subsaharienne. Les hypoth\u00e8ses injustifi\u00e9es de certains think tanks allemands [Par Lahcen Haddad]","footnotes":""},"categories":[78,54],"tags":[],"class_list":["post-122275","post","type-post","status-publish","format-standard","hentry","category-economie","category-maroc"],"_links":{"self":[{"href":"https:\/\/linitiative.ca\/International\/wp-json\/wp\/v2\/posts\/122275","targetHints":{"allow":["GET"]}}],"collection":[{"href":"https:\/\/linitiative.ca\/International\/wp-json\/wp\/v2\/posts"}],"about":[{"href":"https:\/\/linitiative.ca\/International\/wp-json\/wp\/v2\/types\/post"}],"author":[{"embeddable":true,"href":"https:\/\/linitiative.ca\/International\/wp-json\/wp\/v2\/users\/1787"}],"replies":[{"embeddable":true,"href":"https:\/\/linitiative.ca\/International\/wp-json\/wp\/v2\/comments?post=122275"}],"version-history":[{"count":0,"href":"https:\/\/linitiative.ca\/International\/wp-json\/wp\/v2\/posts\/122275\/revisions"}],"wp:attachment":[{"href":"https:\/\/linitiative.ca\/International\/wp-json\/wp\/v2\/media?parent=122275"}],"wp:term":[{"taxonomy":"category","embeddable":true,"href":"https:\/\/linitiative.ca\/International\/wp-json\/wp\/v2\/categories?post=122275"},{"taxonomy":"post_tag","embeddable":true,"href":"https:\/\/linitiative.ca\/International\/wp-json\/wp\/v2\/tags?post=122275"}],"curies":[{"name":"wp","href":"https:\/\/api.w.org\/{rel}","templated":true}]}}