{"id":122279,"date":"2021-07-24T14:03:30","date_gmt":"2021-07-24T18:03:30","guid":{"rendered":"https:\/\/linitiative.ca\/International\/maroc-les-centres-de-vaccination-ouverts-tous-les-jours-jusqua-20-heures\/"},"modified":"2021-07-24T14:03:30","modified_gmt":"2021-07-24T18:03:30","slug":"maroc-les-centres-de-vaccination-ouverts-tous-les-jours-jusqua-20-heures","status":"publish","type":"post","link":"https:\/\/linitiative.ca\/International\/maroc-les-centres-de-vaccination-ouverts-tous-les-jours-jusqua-20-heures\/","title":{"rendered":"Maroc. Les centres de vaccination ouverts tous les jours jusqu\u2019\u00e0 20 heures"},"content":{"rendered":"<div><img decoding=\"async\" width=\"3840\" height=\"1920\" src=\"https:\/\/linitiative.ca\/International\/wp-content\/uploads\/sites\/23\/2021\/07\/vaccination-maroc-2.png\" class=\"attachment-post-thumbnail size-post-thumbnail wp-post-image\" alt=\"\" loading=\"lazy\" srcset=\"https:\/\/linitiative.ca\/International\/wp-content\/uploads\/sites\/23\/2021\/07\/vaccination-maroc-2.png 3840w, https:\/\/www.challenge.ma\/wp-content\/uploads\/2021\/06\/vaccination-maroc-2-300x150.png 300w\" sizes=\"auto, (max-width: 3840px) 100vw, 3840px\" itemprop=\"image\">Le minist\u00e8re de la Sant\u00e9 a annonc\u00e9 samedi que les centres de vaccination anti-Covid-19 seront ouverts tous les jours jusqu\u2019\u00e0 20 heures, \u00e0 partir de ce dimanche. Cette mesure vise l\u2019acc\u00e9l\u00e9ration du processus de vaccination anti-Covid-19. Les citoyens concern\u00e9s sont ainsi appel\u00e9s \u00e0 se rendre aux centres de vaccination pour<\/div>\n<p>Auteur: challenge<br \/>\n<a href=\"https:\/\/www.challenge.ma\/maroc-les-centres-de-vaccination-ouverts-tous-les-jours-jusqua-20-heures-193656\/\">Cliquez ici pour lire l&rsquo;article depuis sa source.<\/a><\/p>\n","protected":false},"excerpt":{"rendered":"<p>Le minist\u00e8re de la Sant\u00e9 a annonc\u00e9 samedi que les centres de vaccination anti-Covid-19 seront ouverts tous les jours jusqu\u2019\u00e0 20 heures, \u00e0 partir de ce dimanche. Cette mesure vise l\u2019acc\u00e9l\u00e9ration du processus de vaccination anti-Covid-19. Les citoyens concern\u00e9s sont ainsi appel\u00e9s \u00e0 se rendre aux centres de vaccination pour Auteur: challenge Cliquez ici pour [&hellip;]<\/p>\n","protected":false},"author":1787,"featured_media":0,"comment_status":"closed","ping_status":"closed","sticky":false,"template":"","format":"standard","meta":{"fifu_image_url":"https:\/\/www.challenge.ma\/wp-content\/uploads\/2021\/06\/vaccination-maroc-2.png","fifu_image_alt":"Maroc. Les centres de vaccination ouverts tous les jours jusqu\u2019\u00e0 20 heures","footnotes":""},"categories":[78,54],"tags":[],"class_list":["post-122279","post","type-post","status-publish","format-standard","hentry","category-economie","category-maroc"],"_links":{"self":[{"href":"https:\/\/linitiative.ca\/International\/wp-json\/wp\/v2\/posts\/122279","targetHints":{"allow":["GET"]}}],"collection":[{"href":"https:\/\/linitiative.ca\/International\/wp-json\/wp\/v2\/posts"}],"about":[{"href":"https:\/\/linitiative.ca\/International\/wp-json\/wp\/v2\/types\/post"}],"author":[{"embeddable":true,"href":"https:\/\/linitiative.ca\/International\/wp-json\/wp\/v2\/users\/1787"}],"replies":[{"embeddable":true,"href":"https:\/\/linitiative.ca\/International\/wp-json\/wp\/v2\/comments?post=122279"}],"version-history":[{"count":0,"href":"https:\/\/linitiative.ca\/International\/wp-json\/wp\/v2\/posts\/122279\/revisions"}],"wp:attachment":[{"href":"https:\/\/linitiative.ca\/International\/wp-json\/wp\/v2\/media?parent=122279"}],"wp:term":[{"taxonomy":"category","embeddable":true,"href":"https:\/\/linitiative.ca\/International\/wp-json\/wp\/v2\/categories?post=122279"},{"taxonomy":"post_tag","embeddable":true,"href":"https:\/\/linitiative.ca\/International\/wp-json\/wp\/v2\/tags?post=122279"}],"curies":[{"name":"wp","href":"https:\/\/api.w.org\/{rel}","templated":true}]}}