{"id":122281,"date":"2021-07-24T14:15:31","date_gmt":"2021-07-24T18:15:31","guid":{"rendered":"https:\/\/linitiative.ca\/International\/usa-le-secretaire-detat-adjoint-par-interim-aux-affaires-du-proche-orient-en-visite-au-maroc\/"},"modified":"2021-07-24T14:15:31","modified_gmt":"2021-07-24T18:15:31","slug":"usa-le-secretaire-detat-adjoint-par-interim-aux-affaires-du-proche-orient-en-visite-au-maroc","status":"publish","type":"post","link":"https:\/\/linitiative.ca\/International\/usa-le-secretaire-detat-adjoint-par-interim-aux-affaires-du-proche-orient-en-visite-au-maroc\/","title":{"rendered":"USA. Le secr\u00e9taire d\u2019\u00c9tat adjoint par int\u00e9rim aux Affaires du Proche-Orient en visite au Maroc"},"content":{"rendered":"<div><img decoding=\"async\" width=\"923\" height=\"616\" src=\"https:\/\/linitiative.ca\/International\/wp-content\/uploads\/sites\/23\/2021\/07\/JH.jpg\" class=\"attachment-post-thumbnail size-post-thumbnail wp-post-image\" alt=\"\" loading=\"lazy\" srcset=\"https:\/\/linitiative.ca\/International\/wp-content\/uploads\/sites\/23\/2021\/07\/JH.jpg 923w, https:\/\/www.challenge.ma\/wp-content\/uploads\/2021\/07\/JH-300x200.jpg 300w, https:\/\/www.challenge.ma\/wp-content\/uploads\/2021\/07\/JH-768x513.jpg 768w, https:\/\/www.challenge.ma\/wp-content\/uploads\/2021\/07\/JH-360x240.jpg 360w, https:\/\/www.challenge.ma\/wp-content\/uploads\/2021\/07\/JH-750x501.jpg 750w\" sizes=\"auto, (max-width: 923px) 100vw, 923px\" itemprop=\"image\">Le secr\u00e9taire d\u2019\u00c9tat adjoint par int\u00e9rim aux Affaires du Proche-Orient, Joey Hood, se rend en Alg\u00e9rie, au Maroc et au Kowe\u00eft du 24 au 29 juillet, rapporte thefrontierpost.com. Le secr\u00e9taire adjoint par int\u00e9rim visitera d\u2019abord l\u2019Alg\u00e9rie pour discuter des questions bilat\u00e9rales et r\u00e9gionales. Il annoncera \u00e9galement un projet de pr\u00e9servation<\/div>\n<p>Auteur: challenge<br \/>\n<a href=\"https:\/\/www.challenge.ma\/usa-le-secretaire-detat-adjoint-par-interim-aux-affaires-du-proche-orient-en-visite-au-maroc-193645\/\">Cliquez ici pour lire l&rsquo;article depuis sa source.<\/a><\/p>\n","protected":false},"excerpt":{"rendered":"<p>Le secr\u00e9taire d\u2019\u00c9tat adjoint par int\u00e9rim aux Affaires du Proche-Orient, Joey Hood, se rend en Alg\u00e9rie, au Maroc et au Kowe\u00eft du 24 au 29 juillet, rapporte thefrontierpost.com. Le secr\u00e9taire adjoint par int\u00e9rim visitera d\u2019abord l\u2019Alg\u00e9rie pour discuter des questions bilat\u00e9rales et r\u00e9gionales. Il annoncera \u00e9galement un projet de pr\u00e9servation Auteur: challenge Cliquez ici pour [&hellip;]<\/p>\n","protected":false},"author":1787,"featured_media":0,"comment_status":"closed","ping_status":"closed","sticky":false,"template":"","format":"standard","meta":{"fifu_image_url":"https:\/\/www.challenge.ma\/wp-content\/uploads\/2021\/07\/JH.jpg","fifu_image_alt":"USA. Le secr\u00e9taire d\u2019\u00c9tat adjoint par int\u00e9rim aux Affaires du Proche-Orient en visite au Maroc","footnotes":""},"categories":[78,54],"tags":[],"class_list":["post-122281","post","type-post","status-publish","format-standard","hentry","category-economie","category-maroc"],"_links":{"self":[{"href":"https:\/\/linitiative.ca\/International\/wp-json\/wp\/v2\/posts\/122281","targetHints":{"allow":["GET"]}}],"collection":[{"href":"https:\/\/linitiative.ca\/International\/wp-json\/wp\/v2\/posts"}],"about":[{"href":"https:\/\/linitiative.ca\/International\/wp-json\/wp\/v2\/types\/post"}],"author":[{"embeddable":true,"href":"https:\/\/linitiative.ca\/International\/wp-json\/wp\/v2\/users\/1787"}],"replies":[{"embeddable":true,"href":"https:\/\/linitiative.ca\/International\/wp-json\/wp\/v2\/comments?post=122281"}],"version-history":[{"count":0,"href":"https:\/\/linitiative.ca\/International\/wp-json\/wp\/v2\/posts\/122281\/revisions"}],"wp:attachment":[{"href":"https:\/\/linitiative.ca\/International\/wp-json\/wp\/v2\/media?parent=122281"}],"wp:term":[{"taxonomy":"category","embeddable":true,"href":"https:\/\/linitiative.ca\/International\/wp-json\/wp\/v2\/categories?post=122281"},{"taxonomy":"post_tag","embeddable":true,"href":"https:\/\/linitiative.ca\/International\/wp-json\/wp\/v2\/tags?post=122281"}],"curies":[{"name":"wp","href":"https:\/\/api.w.org\/{rel}","templated":true}]}}