{"id":122286,"date":"2021-07-24T17:08:04","date_gmt":"2021-07-24T21:08:04","guid":{"rendered":"https:\/\/linitiative.ca\/International\/tunisie-le-grand-geste-du-tunisien-kamel-ghribi-et-de-lambassadeur-ditalie-pour-la-tunisie\/"},"modified":"2021-07-24T17:08:04","modified_gmt":"2021-07-24T21:08:04","slug":"tunisie-le-grand-geste-du-tunisien-kamel-ghribi-et-de-lambassadeur-ditalie-pour-la-tunisie","status":"publish","type":"post","link":"https:\/\/linitiative.ca\/International\/tunisie-le-grand-geste-du-tunisien-kamel-ghribi-et-de-lambassadeur-ditalie-pour-la-tunisie\/","title":{"rendered":"Tunisie \u2013 Le grand geste du tunisien Kamel Ghribi et de l\u2019ambassadeur d\u2019Italie pour la Tunisie"},"content":{"rendered":"<div>\n<p>L\u2019ambassadeur d\u2019Italie \u00e0 Tunis, Lorenzo Fanara, qui est en train de fournir de louables efforts, pour venir en aide \u00e0 la Tunisie, en toutes circonstances et, notamment, dans sa guerre cotre la pand\u00e9mie du Covid, a r\u00e9ceptionn\u00e9, ce samedi, au port de La goulette, un important lot d\u2019aides m\u00e9dicales au profit des structures hospitali\u00e8res tunisiennes, [\u2026]<\/p>\n<p>L\u2019article <a href=\"https:\/\/www.tunisienumerique.com\/tunisie-le-grand-geste-du-tunisien-kamel-ghribi-et-de-lambassadeur-ditalie-pour-la-tunisie\/\">Tunisie \u2013 Le grand geste du tunisien Kamel Ghribi et de l\u2019ambassadeur d\u2019Italie pour la Tunisie<\/a> est apparu en premier sur <a href=\"http:\/\/www.tunisienumerique.com\/\">Tunisie<\/a>.<\/p>\n<\/div>\n<p>Auteur: LM<br \/>\n<a href=\"https:\/\/www.tunisienumerique.com\/tunisie-le-grand-geste-du-tunisien-kamel-ghribi-et-de-lambassadeur-ditalie-pour-la-tunisie\/\">Cliquez ici pour lire l&rsquo;article depuis sa source.<\/a><\/p>\n","protected":false},"excerpt":{"rendered":"<p>L\u2019ambassadeur d\u2019Italie \u00e0 Tunis, Lorenzo Fanara, qui est en train de fournir de louables efforts, pour venir en aide \u00e0 la Tunisie, en toutes circonstances et, notamment, dans sa guerre cotre la pand\u00e9mie du Covid, a r\u00e9ceptionn\u00e9, ce samedi, au port de La goulette, un important lot d\u2019aides m\u00e9dicales au profit des structures hospitali\u00e8res tunisiennes, [&hellip;]<\/p>\n","protected":false},"author":1789,"featured_media":0,"comment_status":"closed","ping_status":"closed","sticky":false,"template":"","format":"standard","meta":{"fifu_image_url":"","fifu_image_alt":"","footnotes":""},"categories":[73,55],"tags":[],"class_list":["post-122286","post","type-post","status-publish","format-standard","hentry","category-actualite","category-tunisie"],"_links":{"self":[{"href":"https:\/\/linitiative.ca\/International\/wp-json\/wp\/v2\/posts\/122286","targetHints":{"allow":["GET"]}}],"collection":[{"href":"https:\/\/linitiative.ca\/International\/wp-json\/wp\/v2\/posts"}],"about":[{"href":"https:\/\/linitiative.ca\/International\/wp-json\/wp\/v2\/types\/post"}],"author":[{"embeddable":true,"href":"https:\/\/linitiative.ca\/International\/wp-json\/wp\/v2\/users\/1789"}],"replies":[{"embeddable":true,"href":"https:\/\/linitiative.ca\/International\/wp-json\/wp\/v2\/comments?post=122286"}],"version-history":[{"count":0,"href":"https:\/\/linitiative.ca\/International\/wp-json\/wp\/v2\/posts\/122286\/revisions"}],"wp:attachment":[{"href":"https:\/\/linitiative.ca\/International\/wp-json\/wp\/v2\/media?parent=122286"}],"wp:term":[{"taxonomy":"category","embeddable":true,"href":"https:\/\/linitiative.ca\/International\/wp-json\/wp\/v2\/categories?post=122286"},{"taxonomy":"post_tag","embeddable":true,"href":"https:\/\/linitiative.ca\/International\/wp-json\/wp\/v2\/tags?post=122286"}],"curies":[{"name":"wp","href":"https:\/\/api.w.org\/{rel}","templated":true}]}}