{"id":122287,"date":"2021-07-24T09:00:53","date_gmt":"2021-07-24T13:00:53","guid":{"rendered":"https:\/\/linitiative.ca\/International\/24e-edition-des-prix-galian-les-laureats-des-prix-officiels-recoivent-leur-cheque\/"},"modified":"2021-07-24T09:00:53","modified_gmt":"2021-07-24T13:00:53","slug":"24e-edition-des-prix-galian-les-laureats-des-prix-officiels-recoivent-leur-cheque","status":"publish","type":"post","link":"https:\/\/linitiative.ca\/International\/24e-edition-des-prix-galian-les-laureats-des-prix-officiels-recoivent-leur-cheque\/","title":{"rendered":"24e \u00e9dition des prix Galian\u00a0: Les laur\u00e9ats des prix officiels re\u00e7oivent leur ch\u00e8que"},"content":{"rendered":"<div>\n<p><strong>Le minist\u00e8re de la Communication et des Relations avec le parlement a organis\u00e9 le vendredi 23 juillet 2021 \u00e0 Ouagadougou, la remise officielle des ch\u00e8ques aux laur\u00e9ats des prix officiels de la 24<sup>e <\/sup>\u00e9dition des Galian.<\/strong><\/p>\n<p>Le minist\u00e8re de la Communication et des Relations avec le parlement a amorc\u00e9 depuis quelque temps, une nouvelle dynamique dans sa fa\u00e7on de g\u00e9rer les affaires du d\u00e9partement. <em>\u00ab Les consign\u00e9s qui nous ont \u00e9t\u00e9 donn\u00e9es, est d\u2019organiser les Galian est ressortir sans dette et dans la limite des moyens du minist\u00e8re\u00a0\u00bb<\/em>, a laiss\u00e9 entendre le Secr\u00e9taire G\u00e9n\u00e9ral (SG) du Minist\u00e8re, Abou-B\u00e2kr Rabankhi Zida. Un message bien re\u00e7u puisque l\u2019ensemble des acteurs ont travailler \u00e0 ce que le dossier Galian soit boucl\u00e9 le plus rapidement possible d\u2019 o\u00f9 la remise des ch\u00e8ques aux laur\u00e9ats des prix officiels ce vendredi 23 juillet 2021, une semaine apr\u00e8s la nuit des Galian.<\/p>\n<figure id=\"attachment_37827\" aria-describedby=\"caption-attachment-37827\" style=\"width: 318px\" class=\"wp-caption alignnone\"><img decoding=\"async\" loading=\"lazy\" class=\" wp-image-37827\" src=\"https:\/\/linitiative.ca\/International\/wp-content\/uploads\/sites\/23\/2021\/07\/ph-raban-200x300-1.jpg\" alt=\"\" width=\"318\" height=\"477\" srcset=\"https:\/\/linitiative.ca\/International\/wp-content\/uploads\/sites\/23\/2021\/07\/ph-raban-200x300-1.jpg 200w, https:\/\/www.sidwaya.info\/wp-content\/uploads\/2021\/07\/ph-raban-684x1024.jpg 684w, https:\/\/www.sidwaya.info\/wp-content\/uploads\/2021\/07\/ph-raban-768x1150.jpg 768w, https:\/\/www.sidwaya.info\/wp-content\/uploads\/2021\/07\/ph-raban-150x225.jpg 150w, https:\/\/www.sidwaya.info\/wp-content\/uploads\/2021\/07\/ph-raban-300x449.jpg 300w, https:\/\/www.sidwaya.info\/wp-content\/uploads\/2021\/07\/ph-raban-696x1042.jpg 696w, https:\/\/www.sidwaya.info\/wp-content\/uploads\/2021\/07\/ph-raban-280x420.jpg 280w, https:\/\/www.sidwaya.info\/wp-content\/uploads\/2021\/07\/ph-raban.jpg 900w\" sizes=\"auto, (max-width: 318px) 100vw, 318px\"><figcaption id=\"caption-attachment-37827\" class=\"wp-caption-text\">1- Le SG, Abou-B\u00e2kr Rabankhi Zida : \u00ab Nous avons compris que pour ne pas avoir de dette, le plus important et la solution la plus appropri\u00e9 c\u2019est des faire en sorte que le dossier Galian soit cl\u00f4tur\u00e9 le plut\u00f4t possible \u00bb<\/figcaption><\/figure>\n<p>Le SG a remerci\u00e9 tous ceux qui ont mis la main \u00e0 la p\u00e2te pour l\u2019atteinte de ces r\u00e9sultats. Il a aussi f\u00e9licit\u00e9 l\u2019ensemble de la presse burkinab\u00e8 qui selon lui, peut se r\u00e9jouir d\u2019\u00eatre parmi les meilleures. <em>\u00ab\u00a0Aujourd\u2019hui notre pays est class\u00e9 parmi les pays qui ont une presse de qualit\u00e9 et la qualit\u00e9 c\u2019est quelque chose qui doit s\u2019entretenir\u00a0\u00bb<\/em>, a-t-il indique avant d\u2019invit\u00e9 les uns et les autres \u00e0 ne pas perdre de vue ce qui les a valu cette performance. <em>\u00ab\u00a0Il faut qu\u2019en tant que journaliste on se donne le mot et travailler de telle sorte que malgr\u00e9 la situation difficile que traverse le pays, on puisse inculquer un esprit de r\u00e9silience aux populations en aidant les uns et les autres \u00e0 surmonter les difficult\u00e9s que nous vivons au quotidien \u00e0 travers des productions allant dans ce sens\u00a0\u00bb<\/em>, a soutenu le SG Zida.<\/p>\n<p><img decoding=\"async\" loading=\"lazy\" class=\"alignnone wp-image-37828\" src=\"https:\/\/linitiative.ca\/International\/wp-content\/uploads\/sites\/23\/2021\/07\/ph-galian-300x200-1.jpg\" alt=\"\" width=\"485\" height=\"323\" srcset=\"https:\/\/linitiative.ca\/International\/wp-content\/uploads\/sites\/23\/2021\/07\/ph-galian-300x200-1.jpg 300w, https:\/\/www.sidwaya.info\/wp-content\/uploads\/2021\/07\/ph-galian-768x512.jpg 768w, https:\/\/www.sidwaya.info\/wp-content\/uploads\/2021\/07\/ph-galian-150x100.jpg 150w, https:\/\/www.sidwaya.info\/wp-content\/uploads\/2021\/07\/ph-galian-696x464.jpg 696w, https:\/\/www.sidwaya.info\/wp-content\/uploads\/2021\/07\/ph-galian-630x420.jpg 630w, https:\/\/www.sidwaya.info\/wp-content\/uploads\/2021\/07\/ph-galian.jpg 900w\" sizes=\"auto, (max-width: 485px) 100vw, 485px\"><\/p>\n<p style=\"text-align: center\"><strong>Des reformes pour plus d\u2019excellence<\/strong><\/p>\n<p>Allant toujours dans le sens de l\u2019excellence en mati\u00e8re de traitement de l\u2019information, le d\u00e9partement en charge de la communication a annonc\u00e9 lors de la nuit de Galian des reformes dans l\u2019organisation de l\u2019\u00e9v\u00e9nement. Pour Abou-B\u00e2kr Rabankhi Zida, il s\u2019agit \u00e0 travers cette nouvelle r\u00e9forme de mettre en place un observatoire charg\u00e9 de suivre la production des journalistes\u00a0 de sorte \u00e0 ce que ceux qui seront d\u00e9sign\u00e9s soient les plus m\u00e9ritants. <em>\u00ab Il sera plus question de se concentrer sur une ou deux \u0153uvres dans l\u2019ann\u00e9e pour venir remporter un prix, mais se sera de fa\u00e7on continue qu\u2019on va observer le travail de uns et des autres. Il y a d\u2019autres types r\u00e9formes mais pour le moment ce sont des id\u00e9es que nous jetons, il aura d\u2019autres rencontres pour affiner ces id\u00e9es et voir quelles seront les voies et moyens pour les mettre en \u0153uvre\u00bb<\/em> a pr\u00e9cise M. Zida.<\/p>\n<p>En route pour Abidjan dans le cadre du Trait\u00e9 d\u2019amiti\u00e9 et de coop\u00e9ration (TAC) le laur\u00e9at du prix Galian en dossier presse \u00e9crit, Mahamadi Sebogo des Edition sidwaya n\u2019a pas cach\u00e9 sa satisfaction. <em>\u00ab\u00a0Nous remercions le minist\u00e8re pour la promptitude car de par le pass\u00e9, on pouvait faire deux ou trois voire, quatre mois sans entrer en possession des ch\u00e8ques\u00a0\u00bb<\/em>, a-t-il exprim\u00e9.<\/p>\n<p>Mais au-del\u00e0 du prix, Mahamadi Sebogo pense que cette distinction est une invite \u00e0 redoubler d\u2019effort non pas dans les sens de remporter des prix mais, \u00e0 prendre en compte les pr\u00e9occupations de d\u00e9veloppement des populations, de la soci\u00e9t\u00e9 \u00e0 travers des productions de qualit\u00e9 en mati\u00e8re de d\u00e9veloppement qui seront pris en compte par les dirigeants.<\/p>\n<p><strong>Donald Wendpouir\u00e9 NIKIEMA<\/strong><\/p>\n<p><a href=\"mailto:tousunis.do@gmail.com\">tousunis.do@gmail.com<\/a><\/p>\n<p><strong>Cr\u00e9dit Photo\u00a0: Issa COMPAORE<\/strong><\/p>\n<p>L\u2019article <a rel=\"nofollow\" href=\"https:\/\/www.sidwaya.info\/blog\/2021\/07\/24\/24e-edition-des-prix-galian-les-laureats-des-prix-officiels-recoivent-leur-cheque\/\">24e \u00e9dition des prix Galian\u00a0: Les laur\u00e9ats des prix officiels re\u00e7oivent leur ch\u00e8que<\/a> est apparu en premier sur <a rel=\"nofollow\" href=\"https:\/\/www.sidwaya.info\/\">Quotidien Sidwaya<\/a>.<\/p>\n<\/div>\n<p>Auteur: Wamini SIDWAYA<br \/>\n<a href=\"https:\/\/www.sidwaya.info\/blog\/2021\/07\/24\/24e-edition-des-prix-galian-les-laureats-des-prix-officiels-recoivent-leur-cheque\/\">Cliquez ici pour lire l&rsquo;article depuis sa source.<\/a><\/p>\n","protected":false},"excerpt":{"rendered":"<p>Le minist\u00e8re de la Communication et des Relations avec le parlement a organis\u00e9 le vendredi 23 juillet 2021 \u00e0 Ouagadougou, la remise officielle des ch\u00e8ques aux laur\u00e9ats des prix officiels de la 24e \u00e9dition des Galian. Le minist\u00e8re de la Communication et des Relations avec le parlement a amorc\u00e9 depuis quelque temps, une nouvelle dynamique [&hellip;]<\/p>\n","protected":false},"author":1816,"featured_media":0,"comment_status":"closed","ping_status":"closed","sticky":false,"template":"","format":"standard","meta":{"fifu_image_url":"https:\/\/www.sidwaya.info\/wp-content\/uploads\/2021\/07\/ph-raban-200x300.jpg","fifu_image_alt":"24e \u00e9dition des prix Galian\u00a0: Les laur\u00e9ats des prix officiels re\u00e7oivent leur ch\u00e8que","footnotes":""},"categories":[73,81],"tags":[],"class_list":["post-122287","post","type-post","status-publish","format-standard","hentry","category-actualite","category-burkina-faso"],"_links":{"self":[{"href":"https:\/\/linitiative.ca\/International\/wp-json\/wp\/v2\/posts\/122287","targetHints":{"allow":["GET"]}}],"collection":[{"href":"https:\/\/linitiative.ca\/International\/wp-json\/wp\/v2\/posts"}],"about":[{"href":"https:\/\/linitiative.ca\/International\/wp-json\/wp\/v2\/types\/post"}],"author":[{"embeddable":true,"href":"https:\/\/linitiative.ca\/International\/wp-json\/wp\/v2\/users\/1816"}],"replies":[{"embeddable":true,"href":"https:\/\/linitiative.ca\/International\/wp-json\/wp\/v2\/comments?post=122287"}],"version-history":[{"count":0,"href":"https:\/\/linitiative.ca\/International\/wp-json\/wp\/v2\/posts\/122287\/revisions"}],"wp:attachment":[{"href":"https:\/\/linitiative.ca\/International\/wp-json\/wp\/v2\/media?parent=122287"}],"wp:term":[{"taxonomy":"category","embeddable":true,"href":"https:\/\/linitiative.ca\/International\/wp-json\/wp\/v2\/categories?post=122287"},{"taxonomy":"post_tag","embeddable":true,"href":"https:\/\/linitiative.ca\/International\/wp-json\/wp\/v2\/tags?post=122287"}],"curies":[{"name":"wp","href":"https:\/\/api.w.org\/{rel}","templated":true}]}}