{"id":122294,"date":"2021-07-24T05:18:02","date_gmt":"2021-07-24T09:18:02","guid":{"rendered":"https:\/\/linitiative.ca\/International\/le-conseil-constitutionnel-alimente-la-presse-senegalaise\/"},"modified":"2021-07-24T05:18:02","modified_gmt":"2021-07-24T09:18:02","slug":"le-conseil-constitutionnel-alimente-la-presse-senegalaise","status":"publish","type":"post","link":"https:\/\/linitiative.ca\/International\/le-conseil-constitutionnel-alimente-la-presse-senegalaise\/","title":{"rendered":"Le Conseil constitutionnel alimente la presse s\u00e9n\u00e9galaise"},"content":{"rendered":"<div>\n<p><img loading=\"lazy\" decoding=\"async\" width=\"250\" height=\"200\" src=\"https:\/\/linitiative.ca\/International\/wp-content\/uploads\/sites\/23\/2021\/07\/16271182822639.jpg\" class=\"attachment-post-thumbnail size-post-thumbnail wp-post-image\" alt=\"\"><\/p>\n<p>Le rejet par le Conseil constitutionnel du recours en annulation de l&rsquo;opposition de la loi modifiant le Code p\u00e9nal et le Code de proc\u00e9dure p\u00e9nale fait la Une des quotidiens s\u00e9n\u00e9galais de ce samedi.\u00a0\u00bbLe Conseil constitutionnel usurpe des pouvoirs r\u00e9galiens\u00a0\u00bb, d\u00e9nonce l&rsquo;opposant Abdoul Mbaye dans la manchette de Walf Quotidien.<\/p>\n<p>Dans Direct News, Birahim Seck, Coordonnateur du Forum civil, soutient que la d\u00e9cision du Conseil constitutionnel est \u00ab\u00a0totalement rendue en dehors du droit\u00a0\u00bb car il manque un cinqui\u00e8me membre de l&rsquo;institution qui est d\u00e9c\u00e9d\u00e9.<\/p>\n<p>\u00ab\u00a0Le Conseil constitutionnel contest\u00e9: Dans l&rsquo;\u0153il du cyclone\u00a0\u00bb, titre EnQu\u00eate, informant qu&rsquo;il a rejet\u00e9 le recours de l&rsquo;opposition avec quatre membres en lieu et place des cinq requis.<\/p>\n<p>Nos confr\u00e8res indique que \u00ab\u00a0le Mouvement pour la d\u00e9fense de la d\u00e9mocratie \u00a0(M2D) d\u00e9nonce une filouterie juridique\u00a0\u00bb, appuy\u00e9 par le Constitutionnaliste Ngouda Mboup qui estime que \u00ab\u00a0la d\u00e9cision du Conseil constitutionnel est ill\u00e9gale\u00a0\u00bb.<\/p>\n<p>\u00ab\u00a0Rejet du recours en annulation des modifications du Code p\u00e9nal et du Code de proc\u00e9dure p\u00e9nale: L&rsquo;opposition crie au scandale\u00a0\u00bb, rench\u00e9rit Sud Quotidien, dans lequel journal, professeur Ngouda Mboup soutient:\u00a0\u00bbLe Conseil constitutionnel a viol\u00e9 la Construction et la loi organique relative au Conseil constitutionnel\u00a0\u00bb.<\/p>\n<p>Sur le rejet du second recours de l&rsquo;opposition qui portait sur le Code \u00e9lectoral, Le Quotidien titre:\u00a0\u00bbActe 2 des sages\u00a0\u00bb. Ces derniers affirment que \u00ab\u00a0la r\u00e9forme du Code \u00e9lectoral est conforme \u00e0 la Constitution\u00a0\u00bb.<\/p>\n<p>\u00ab\u00a0Le Conseil constitutionnel au banc des accus\u00e9s: Les Sages et leur pr\u00e9sident accus\u00e9s d&rsquo;usurpation de pouvoirs&#8230;pr\u00e9sidentiels\u00a0\u00bb, \u00e9crit Vox Populi \u00e0 sa Une.<\/p>\n<p>Le quotidien national Le Soleil s&rsquo;int\u00e9resse \u00e0 la culture de l&rsquo;anacarde en Casamance, \u00ab\u00a0une noix qui a chang\u00e9 des vies\u00a0\u00bb. Selon nos confr\u00e8res, 41.042 tonnes ont \u00e9t\u00e9 export\u00e9es en 2020 pour une valeur de 22.837.992.040 f cfa.<\/p>\n<p>De son c\u00f4t\u00e9, Walf Quotidien note un mois de \u00ab\u00a0juillet macabre pour les hommes de tenue\u00a0\u00bb qui sont victimes d&rsquo;agressions.<\/p>\n<p>La propagation inqui\u00e9tante de la Covid-19 fait la Une de L&rsquo;As qui r\u00e9v\u00e8le que \u00ab\u00a0m\u00eame les cliniques sont d\u00e9bord\u00e9es\u00a0\u00bb.<\/p>\n<p>Cet article <a rel=\"nofollow\" href=\"https:\/\/www.journalducameroun.com\/le-conseil-constitutionnel-alimente-la-presse-senegalaise\/\">Le Conseil constitutionnel alimente la presse s\u00e9n\u00e9galaise<\/a> est apparu en premier sur <a rel=\"nofollow\" href=\"https:\/\/www.journalducameroun.com\/\">Journal du Cameroun<\/a>.<\/p>\n<\/div>\n<p>Auteur: APA News<br \/>\n<a href=\"https:\/\/www.journalducameroun.com\/le-conseil-constitutionnel-alimente-la-presse-senegalaise\/\">Cliquez ici pour lire l&rsquo;article depuis sa source.<\/a><\/p>\n","protected":false},"excerpt":{"rendered":"<p>Le rejet par le Conseil constitutionnel du recours en annulation de l&rsquo;opposition de la loi modifiant le Code p\u00e9nal et le Code de proc\u00e9dure p\u00e9nale fait la Une des quotidiens s\u00e9n\u00e9galais de ce samedi.\u00a0\u00bbLe Conseil constitutionnel usurpe des pouvoirs r\u00e9galiens\u00a0\u00bb, d\u00e9nonce l&rsquo;opposant Abdoul Mbaye dans la manchette de Walf Quotidien. Dans Direct News, Birahim Seck, [&hellip;]<\/p>\n","protected":false},"author":1965,"featured_media":0,"comment_status":"closed","ping_status":"closed","sticky":false,"template":"","format":"standard","meta":{"fifu_image_url":"https:\/\/www.journalducameroun.com\/wp-content\/uploads\/2021\/07\/16271182822639.jpg","fifu_image_alt":"Le Conseil constitutionnel alimente la presse s\u00e9n\u00e9galaise","footnotes":""},"categories":[73,82],"tags":[],"class_list":["post-122294","post","type-post","status-publish","format-standard","hentry","category-actualite","category-cameroun"],"_links":{"self":[{"href":"https:\/\/linitiative.ca\/International\/wp-json\/wp\/v2\/posts\/122294","targetHints":{"allow":["GET"]}}],"collection":[{"href":"https:\/\/linitiative.ca\/International\/wp-json\/wp\/v2\/posts"}],"about":[{"href":"https:\/\/linitiative.ca\/International\/wp-json\/wp\/v2\/types\/post"}],"author":[{"embeddable":true,"href":"https:\/\/linitiative.ca\/International\/wp-json\/wp\/v2\/users\/1965"}],"replies":[{"embeddable":true,"href":"https:\/\/linitiative.ca\/International\/wp-json\/wp\/v2\/comments?post=122294"}],"version-history":[{"count":0,"href":"https:\/\/linitiative.ca\/International\/wp-json\/wp\/v2\/posts\/122294\/revisions"}],"wp:attachment":[{"href":"https:\/\/linitiative.ca\/International\/wp-json\/wp\/v2\/media?parent=122294"}],"wp:term":[{"taxonomy":"category","embeddable":true,"href":"https:\/\/linitiative.ca\/International\/wp-json\/wp\/v2\/categories?post=122294"},{"taxonomy":"post_tag","embeddable":true,"href":"https:\/\/linitiative.ca\/International\/wp-json\/wp\/v2\/tags?post=122294"}],"curies":[{"name":"wp","href":"https:\/\/api.w.org\/{rel}","templated":true}]}}