{"id":122296,"date":"2021-07-24T08:18:02","date_gmt":"2021-07-24T12:18:02","guid":{"rendered":"https:\/\/linitiative.ca\/International\/maroc-fete-du-trone-report-de-toutes-les-activites-festivites-et-ceremonies\/"},"modified":"2021-07-24T08:18:02","modified_gmt":"2021-07-24T12:18:02","slug":"maroc-fete-du-trone-report-de-toutes-les-activites-festivites-et-ceremonies","status":"publish","type":"post","link":"https:\/\/linitiative.ca\/International\/maroc-fete-du-trone-report-de-toutes-les-activites-festivites-et-ceremonies\/","title":{"rendered":"Maroc\/F\u00eate du Tr\u00f4ne: report de toutes les activit\u00e9s, festivit\u00e9s, et c\u00e9r\u00e9monies"},"content":{"rendered":"<div>\n<p><img loading=\"lazy\" decoding=\"async\" width=\"284\" height=\"177\" src=\"https:\/\/linitiative.ca\/International\/wp-content\/uploads\/sites\/23\/2021\/07\/16271290826979.jpg\" class=\"attachment-post-thumbnail size-post-thumbnail wp-post-image\" alt=\"\"><\/p>\n<p>Le minist\u00e8re de la Maison Royale, du Protocole et de la Chancellerie a annonc\u00e9 samedi, qu&rsquo;en prenant en consid\u00e9ration la poursuite des mesures pr\u00e9ventives impos\u00e9es par l&rsquo;\u00e9volution de la situation sanitaire, il a \u00e9t\u00e9 d\u00e9cid\u00e9 le report de toutes les activit\u00e9s, festivit\u00e9s et c\u00e9r\u00e9monies pr\u00e9vues \u00e0 l&rsquo;occasion du 22\u00e8me anniversaire de l&rsquo;accession du Roi Mohammed VI au tr\u00f4ne.Ainsi, il a \u00e9t\u00e9 d\u00e9cid\u00e9 le report de la c\u00e9r\u00e9monie de r\u00e9ception que pr\u00e9side le Souverain en cette occasion, la c\u00e9r\u00e9monie de prestation de serment des officiers laur\u00e9ats des diff\u00e9rents \u00e9coles et instituts militaires, paramilitaires et civils et la c\u00e9r\u00e9monie d&rsquo;all\u00e9geance au Roi et de tous les d\u00e9fil\u00e9s et manifestations auxquels assistent un grand nombre de citoyens, pr\u00e9cise le minist\u00e8re dans un communiqu\u00e9.<\/p>\n<p>En cette occasion, le Roi adressera un discours au peuple, ajoute la m\u00eame source.<\/p>\n<p>Cet article <a rel=\"nofollow\" href=\"https:\/\/www.journalducameroun.com\/maroc-fete-du-trone-report-de-toutes-les-activites-festivites-et-ceremonies\/\">Maroc\/F\u00eate du Tr\u00f4ne: report de toutes les activit\u00e9s, festivit\u00e9s, et c\u00e9r\u00e9monies<\/a> est apparu en premier sur <a rel=\"nofollow\" href=\"https:\/\/www.journalducameroun.com\/\">Journal du Cameroun<\/a>.<\/p>\n<\/div>\n<p>Auteur: APA News<br \/>\n<a href=\"https:\/\/www.journalducameroun.com\/maroc-fete-du-trone-report-de-toutes-les-activites-festivites-et-ceremonies\/\">Cliquez ici pour lire l&rsquo;article depuis sa source.<\/a><\/p>\n","protected":false},"excerpt":{"rendered":"<p>Le minist\u00e8re de la Maison Royale, du Protocole et de la Chancellerie a annonc\u00e9 samedi, qu&rsquo;en prenant en consid\u00e9ration la poursuite des mesures pr\u00e9ventives impos\u00e9es par l&rsquo;\u00e9volution de la situation sanitaire, il a \u00e9t\u00e9 d\u00e9cid\u00e9 le report de toutes les activit\u00e9s, festivit\u00e9s et c\u00e9r\u00e9monies pr\u00e9vues \u00e0 l&rsquo;occasion du 22\u00e8me anniversaire de l&rsquo;accession du Roi Mohammed [&hellip;]<\/p>\n","protected":false},"author":1965,"featured_media":0,"comment_status":"closed","ping_status":"closed","sticky":false,"template":"","format":"standard","meta":{"fifu_image_url":"https:\/\/www.journalducameroun.com\/wp-content\/uploads\/2021\/07\/16271290826979.jpg","fifu_image_alt":"Maroc\/F\u00eate du Tr\u00f4ne: report de toutes les activit\u00e9s, festivit\u00e9s, et c\u00e9r\u00e9monies","footnotes":""},"categories":[73,82],"tags":[],"class_list":["post-122296","post","type-post","status-publish","format-standard","hentry","category-actualite","category-cameroun"],"_links":{"self":[{"href":"https:\/\/linitiative.ca\/International\/wp-json\/wp\/v2\/posts\/122296","targetHints":{"allow":["GET"]}}],"collection":[{"href":"https:\/\/linitiative.ca\/International\/wp-json\/wp\/v2\/posts"}],"about":[{"href":"https:\/\/linitiative.ca\/International\/wp-json\/wp\/v2\/types\/post"}],"author":[{"embeddable":true,"href":"https:\/\/linitiative.ca\/International\/wp-json\/wp\/v2\/users\/1965"}],"replies":[{"embeddable":true,"href":"https:\/\/linitiative.ca\/International\/wp-json\/wp\/v2\/comments?post=122296"}],"version-history":[{"count":0,"href":"https:\/\/linitiative.ca\/International\/wp-json\/wp\/v2\/posts\/122296\/revisions"}],"wp:attachment":[{"href":"https:\/\/linitiative.ca\/International\/wp-json\/wp\/v2\/media?parent=122296"}],"wp:term":[{"taxonomy":"category","embeddable":true,"href":"https:\/\/linitiative.ca\/International\/wp-json\/wp\/v2\/categories?post=122296"},{"taxonomy":"post_tag","embeddable":true,"href":"https:\/\/linitiative.ca\/International\/wp-json\/wp\/v2\/tags?post=122296"}],"curies":[{"name":"wp","href":"https:\/\/api.w.org\/{rel}","templated":true}]}}