{"id":122302,"date":"2021-07-24T15:44:47","date_gmt":"2021-07-24T19:44:47","guid":{"rendered":"https:\/\/linitiative.ca\/International\/lutte-contre-la-vie-chere-le-mincommerce-scelle-deux-societes-distributrices-de-riz-pour-pratiques-commerciales-trompeuses\/"},"modified":"2021-07-24T15:44:47","modified_gmt":"2021-07-24T19:44:47","slug":"lutte-contre-la-vie-chere-le-mincommerce-scelle-deux-societes-distributrices-de-riz-pour-pratiques-commerciales-trompeuses","status":"publish","type":"post","link":"https:\/\/linitiative.ca\/International\/lutte-contre-la-vie-chere-le-mincommerce-scelle-deux-societes-distributrices-de-riz-pour-pratiques-commerciales-trompeuses\/","title":{"rendered":"Lutte contre la vie ch\u00e8re : le Mincommerce scelle deux soci\u00e9t\u00e9s distributrices de riz pour pratiques commerciales trompeuses"},"content":{"rendered":"<div>\n<p>Le ministre du Commerce Luc Magloire Mbarga Atangana, qui a fait de la lutte contre la vie ch\u00e8re son cheval de bataille vient de faire ses premi\u00e8res victimes. Le vendredi 23 juillet 2021, sur instruction du patron du commerce, les soci\u00e9t\u00e9 distributrices de riz Socokem Sarl et Amatur, ont \u00e9t\u00e9 scell\u00e9es pour pratiques commerciales trompeuses. Suite \u00e0 des d\u00e9nonciations, il s\u2019av\u00e8re que ces deux soci\u00e9t\u00e9s ne respectent pas les prix arr\u00eat\u00e9s du riz tel que l\u2019a recommand\u00e9 le ministre du Commerce au cours de la r\u00e9union de concertation tenue le 21 juillet dernier avec les acteurs de la fili\u00e8re dans le but de stabiliser les prix dans nos march\u00e9s.\u00a0\u00ab Dans la soci\u00e9t\u00e9 Socokem Sarl, le riz de marque Bonheur (5% d\u2019origine tha\u00eflandaise) est vendu aux clients \u00e0 18 500 francs le sac de 45,6 kilogrammes au lieu de 17 767 francs tel qu\u2019affich\u00e9 sur le sac et en machine\u00a0\u00bb, indique le communiqu\u00e9 de ce d\u00e9partement minist\u00e9riel dont EcoMatin a eu copie. Le m\u00eame communiqu\u00e9 pr\u00e9cise que, \u00ab\u00a0la soci\u00e9t\u00e9 Amatur quant \u00e0 elle vend sans facture aux consommateurs le riz Paddy \u00e0 11 000 francs le sac de 25 kilogrammes au lieu de 9750 francs tel qu\u2019affich\u00e9 sur le sac et en machine\u00a0\u00bb.<\/p>\n<p><strong>Lire aussi : <a href=\"https:\/\/ecomatin.net\/consommation-le-mincommerce-rassure-sur-les-stocks-de-riz-disponibles-200-000-tonnes\/\">Consommation: le Mincommerce rassure sur les stocks de riz disponibles (200 000 tonnes)<\/a><\/strong><\/p>\n<p>Une op\u00e9ration qui devrait donc servir de le\u00e7on pour les petits malins qui s\u2019amusent \u00e0 augmenter les prix des denr\u00e9es alimentaires \u00e0 leurs gr\u00e8s.<\/p>\n<p><strong>Lire aussi <\/strong>: <strong><a href=\"https:\/\/ecomatin.net\/la-semry-vise-une-production-annuellle-de-180-000-tonnes-de-riz\/\">La Semry vise une production annuelle de 180 000 tonnes de riz<\/a><\/strong><\/p>\n<p>Notons qu\u2019afin de limiter voire mettre un terme \u00e0 la sp\u00e9culation dans les march\u00e9s, plusieurs recommandations ont \u00e9t\u00e9 formul\u00e9es par le Mincommerce \u00e0 l\u2019issue de sa rencontre avec les acteurs de la fili\u00e8re riz. Il s\u2019agit entre autres de l\u2019introduction de la Mission de R\u00e9gulation des Approvisionnements (Mirap) dans les circuits de distribution, de l\u2019organisation et la multiplication des ventes directes aux consommateurs en partenariat avec les importateurs, ainsi que le respect strict des prix du riz par la MIRAP. Ces ventes directes aux consommateurs permettront \u00e9galement de faciliter l\u2019acc\u00e8s aux consommateurs du riz d\u2019origine camerounaise.<br \/>Le Ministre du Commerce a \u00e9galement annonc\u00e9 \u00ab\u00a0d\u00e8s l\u2019ann\u00e9e prochaine la distribution des quotas aux importateurs pour l\u2019\u00e9coulement des stocks du riz camerounais et celle-ci ob\u00e9ira \u00e0 certain nombre de crit\u00e8re parmi lesquels la r\u00e9gularit\u00e9 et la loyaut\u00e9. Il rappelle aux consommateurs que le num\u00e9ro vert 1502 reste disponible pour toutes les d\u00e9nonciations des pratiques commerciales illicites dont ils seraient victimes ou t\u00e9moins\u00a0\u00bb, renseigne les services du minist\u00e8re du commerce.<\/p>\n<p><strong>Lire aussi<\/strong> : <strong><a href=\"https:\/\/ecomatin.net\/denrees-alimentaires-disparites-entre-les-prix-homologues-et-les-pratiques\/\">Denr\u00e9es alimentaires : disparit\u00e9s entre les prix homologu\u00e9s et les pratiqu\u00e9s<\/a><\/strong><\/p>\n<p>L\u2019article <a rel=\"nofollow\" href=\"https:\/\/ecomatin.net\/lutte-contre-la-vie-chere-le-mincommerce-scelle-deux-societes-distributrices-de-riz-pour-pratiques-commerciales-trompeuses\/\">Lutte contre la vie ch\u00e8re : le Mincommerce scelle deux soci\u00e9t\u00e9s distributrices de riz pour pratiques commerciales trompeuses<\/a> est apparu en premier sur <a rel=\"nofollow\" href=\"https:\/\/ecomatin.net\/\">EcoMatin<\/a>.<\/p>\n<\/div>\n<p>Auteur: Amina MALLOUM<br \/>\n<a href=\"https:\/\/ecomatin.net\/lutte-contre-la-vie-chere-le-mincommerce-scelle-deux-societes-distributrices-de-riz-pour-pratiques-commerciales-trompeuses\/\">Cliquez ici pour lire l&rsquo;article depuis sa source.<\/a><\/p>\n","protected":false},"excerpt":{"rendered":"<p>Le ministre du Commerce Luc Magloire Mbarga Atangana, qui a fait de la lutte contre la vie ch\u00e8re son cheval de bataille vient de faire ses premi\u00e8res victimes. Le vendredi 23 juillet 2021, sur instruction du patron du commerce, les soci\u00e9t\u00e9 distributrices de riz Socokem Sarl et Amatur, ont \u00e9t\u00e9 scell\u00e9es pour pratiques commerciales trompeuses. [&hellip;]<\/p>\n","protected":false},"author":1969,"featured_media":0,"comment_status":"closed","ping_status":"closed","sticky":false,"template":"","format":"standard","meta":{"fifu_image_url":"","fifu_image_alt":"","footnotes":""},"categories":[82,78],"tags":[],"class_list":["post-122302","post","type-post","status-publish","format-standard","hentry","category-cameroun","category-economie"],"_links":{"self":[{"href":"https:\/\/linitiative.ca\/International\/wp-json\/wp\/v2\/posts\/122302","targetHints":{"allow":["GET"]}}],"collection":[{"href":"https:\/\/linitiative.ca\/International\/wp-json\/wp\/v2\/posts"}],"about":[{"href":"https:\/\/linitiative.ca\/International\/wp-json\/wp\/v2\/types\/post"}],"author":[{"embeddable":true,"href":"https:\/\/linitiative.ca\/International\/wp-json\/wp\/v2\/users\/1969"}],"replies":[{"embeddable":true,"href":"https:\/\/linitiative.ca\/International\/wp-json\/wp\/v2\/comments?post=122302"}],"version-history":[{"count":0,"href":"https:\/\/linitiative.ca\/International\/wp-json\/wp\/v2\/posts\/122302\/revisions"}],"wp:attachment":[{"href":"https:\/\/linitiative.ca\/International\/wp-json\/wp\/v2\/media?parent=122302"}],"wp:term":[{"taxonomy":"category","embeddable":true,"href":"https:\/\/linitiative.ca\/International\/wp-json\/wp\/v2\/categories?post=122302"},{"taxonomy":"post_tag","embeddable":true,"href":"https:\/\/linitiative.ca\/International\/wp-json\/wp\/v2\/tags?post=122302"}],"curies":[{"name":"wp","href":"https:\/\/api.w.org\/{rel}","templated":true}]}}