{"id":122304,"date":"2021-07-24T12:03:58","date_gmt":"2021-07-24T16:03:58","guid":{"rendered":"https:\/\/linitiative.ca\/International\/la-situation-epidemiologique-au-24-juillet-2021-a-16h00\/"},"modified":"2021-07-24T12:03:58","modified_gmt":"2021-07-24T16:03:58","slug":"la-situation-epidemiologique-au-24-juillet-2021-a-16h00","status":"publish","type":"post","link":"https:\/\/linitiative.ca\/International\/la-situation-epidemiologique-au-24-juillet-2021-a-16h00\/","title":{"rendered":"La situation \u00e9pid\u00e9miologique au 24 juillet 2021 \u00e0 16H00"},"content":{"rendered":"<div>\n<p><img decoding=\"async\" width=\"300\" height=\"153\" src=\"https:\/\/linitiative.ca\/International\/wp-content\/uploads\/sites\/23\/2021\/07\/Covid19-coronavirus-maroc-300x153-1.jpg\" class=\"attachment-medium size-medium wp-post-image\" alt=\"\" loading=\"lazy\" srcset=\"\/\/aujourdhui.ma\/wp-content\/uploads\/2021\/06\/Covid19-coronavirus-maroc-300x153.jpg 300w, \/\/aujourdhui.ma\/wp-content\/uploads\/2021\/06\/Covid19-coronavirus-maroc-274x140.jpg 274w, \/\/aujourdhui.ma\/wp-content\/uploads\/2021\/06\/Covid19-coronavirus-maroc.jpg 746w, \/\/aujourdhui.ma\/wp-content\/uploads\/2021\/06\/Covid19-coronavirus-maroc-165x84.jpg 165w, \/\/aujourdhui.ma\/wp-content\/uploads\/2021\/06\/Covid19-coronavirus-maroc-702x358.jpg 702w\" sizes=\"auto, (max-width: 300px) 100vw, 300px\"><\/p>\n<p>5.494 nouveaux cas soit un cumul de 575.162 cas \u00e0 ce jour.<br \/>\n1.604 gu\u00e9risons soit un cumul de 542.078 \u00e0 ce jour.<br \/>\n23 nouveaux d\u00e9c\u00e8s donc un cumul de 9.559 \u00e0 ce jour.<\/p>\n<p><a href=\"https:\/\/linitiative.ca\/International\/wp-content\/uploads\/sites\/23\/2021\/07\/IMG-20210724-WA0059.jpg\"><img decoding=\"async\" loading=\"lazy\" class=\"aligncenter size-full wp-image-382442\" src=\"https:\/\/linitiative.ca\/International\/wp-content\/uploads\/sites\/23\/2021\/07\/IMG-20210724-WA0059.jpg\" alt=\"\" width=\"996\" height=\"1280\" srcset=\"\/\/aujourdhui.ma\/wp-content\/uploads\/2021\/07\/IMG-20210724-WA0059.jpg 996w, \/\/aujourdhui.ma\/wp-content\/uploads\/2021\/07\/IMG-20210724-WA0059-233x300.jpg 233w, \/\/aujourdhui.ma\/wp-content\/uploads\/2021\/07\/IMG-20210724-WA0059-797x1024.jpg 797w, \/\/aujourdhui.ma\/wp-content\/uploads\/2021\/07\/IMG-20210724-WA0059-768x987.jpg 768w\" sizes=\"auto, (max-width: 996px) 100vw, 996px\"><\/a> <a href=\"https:\/\/linitiative.ca\/International\/wp-content\/uploads\/sites\/23\/2021\/07\/IMG-20210724-WA0062.jpg\"><img decoding=\"async\" loading=\"lazy\" class=\"aligncenter size-full wp-image-382443\" src=\"https:\/\/linitiative.ca\/International\/wp-content\/uploads\/sites\/23\/2021\/07\/IMG-20210724-WA0062.jpg\" alt=\"\" width=\"959\" height=\"1280\" srcset=\"\/\/aujourdhui.ma\/wp-content\/uploads\/2021\/07\/IMG-20210724-WA0062.jpg 959w, \/\/aujourdhui.ma\/wp-content\/uploads\/2021\/07\/IMG-20210724-WA0062-225x300.jpg 225w, \/\/aujourdhui.ma\/wp-content\/uploads\/2021\/07\/IMG-20210724-WA0062-767x1024.jpg 767w, \/\/aujourdhui.ma\/wp-content\/uploads\/2021\/07\/IMG-20210724-WA0062-768x1025.jpg 768w\" sizes=\"auto, (max-width: 959px) 100vw, 959px\"><\/a> <a href=\"https:\/\/linitiative.ca\/International\/wp-content\/uploads\/sites\/23\/2021\/07\/IMG-20210724-WA0061.jpg\"><img decoding=\"async\" loading=\"lazy\" class=\"aligncenter size-full wp-image-382444\" src=\"https:\/\/linitiative.ca\/International\/wp-content\/uploads\/sites\/23\/2021\/07\/IMG-20210724-WA0061.jpg\" alt=\"\" width=\"940\" height=\"1280\" srcset=\"\/\/aujourdhui.ma\/wp-content\/uploads\/2021\/07\/IMG-20210724-WA0061.jpg 940w, \/\/aujourdhui.ma\/wp-content\/uploads\/2021\/07\/IMG-20210724-WA0061-220x300.jpg 220w, \/\/aujourdhui.ma\/wp-content\/uploads\/2021\/07\/IMG-20210724-WA0061-752x1024.jpg 752w, \/\/aujourdhui.ma\/wp-content\/uploads\/2021\/07\/IMG-20210724-WA0061-768x1046.jpg 768w\" sizes=\"auto, (max-width: 940px) 100vw, 940px\"><\/a> <a href=\"https:\/\/linitiative.ca\/International\/wp-content\/uploads\/sites\/23\/2021\/07\/IMG-20210724-WA0060.jpg\"><img decoding=\"async\" loading=\"lazy\" class=\"aligncenter size-full wp-image-382445\" src=\"https:\/\/linitiative.ca\/International\/wp-content\/uploads\/sites\/23\/2021\/07\/IMG-20210724-WA0060.jpg\" alt=\"\" width=\"1068\" height=\"1280\" srcset=\"\/\/aujourdhui.ma\/wp-content\/uploads\/2021\/07\/IMG-20210724-WA0060.jpg 1068w, \/\/aujourdhui.ma\/wp-content\/uploads\/2021\/07\/IMG-20210724-WA0060-250x300.jpg 250w, \/\/aujourdhui.ma\/wp-content\/uploads\/2021\/07\/IMG-20210724-WA0060-854x1024.jpg 854w, \/\/aujourdhui.ma\/wp-content\/uploads\/2021\/07\/IMG-20210724-WA0060-768x920.jpg 768w\" sizes=\"auto, (max-width: 1068px) 100vw, 1068px\"><\/a><\/p>\n<\/div>\n<p>Auteur: ALM<br \/>\n<a href=\"https:\/\/aujourdhui.ma\/actualite\/la-situation-epidemiologique-au-24-juillet-2021-a-16h00\">Cliquez ici pour lire l&rsquo;article depuis sa source.<\/a><\/p>\n","protected":false},"excerpt":{"rendered":"<p>5.494 nouveaux cas soit un cumul de 575.162 cas \u00e0 ce jour. 1.604 gu\u00e9risons soit un cumul de 542.078 \u00e0 ce jour. 23 nouveaux d\u00e9c\u00e8s donc un cumul de 9.559 \u00e0 ce jour. Auteur: ALM Cliquez ici pour lire l&rsquo;article depuis sa source.<\/p>\n","protected":false},"author":1759,"featured_media":0,"comment_status":"closed","ping_status":"closed","sticky":false,"template":"","format":"standard","meta":{"fifu_image_url":"https:\/\/aujourdhui.ma\/wp-content\/uploads\/2021\/06\/Covid19-coronavirus-maroc-300x153.jpg","fifu_image_alt":"La situation \u00e9pid\u00e9miologique au 24 juillet 2021 \u00e0 16H00","footnotes":""},"categories":[73,54],"tags":[],"class_list":["post-122304","post","type-post","status-publish","format-standard","hentry","category-actualite","category-maroc"],"_links":{"self":[{"href":"https:\/\/linitiative.ca\/International\/wp-json\/wp\/v2\/posts\/122304","targetHints":{"allow":["GET"]}}],"collection":[{"href":"https:\/\/linitiative.ca\/International\/wp-json\/wp\/v2\/posts"}],"about":[{"href":"https:\/\/linitiative.ca\/International\/wp-json\/wp\/v2\/types\/post"}],"author":[{"embeddable":true,"href":"https:\/\/linitiative.ca\/International\/wp-json\/wp\/v2\/users\/1759"}],"replies":[{"embeddable":true,"href":"https:\/\/linitiative.ca\/International\/wp-json\/wp\/v2\/comments?post=122304"}],"version-history":[{"count":0,"href":"https:\/\/linitiative.ca\/International\/wp-json\/wp\/v2\/posts\/122304\/revisions"}],"wp:attachment":[{"href":"https:\/\/linitiative.ca\/International\/wp-json\/wp\/v2\/media?parent=122304"}],"wp:term":[{"taxonomy":"category","embeddable":true,"href":"https:\/\/linitiative.ca\/International\/wp-json\/wp\/v2\/categories?post=122304"},{"taxonomy":"post_tag","embeddable":true,"href":"https:\/\/linitiative.ca\/International\/wp-json\/wp\/v2\/tags?post=122304"}],"curies":[{"name":"wp","href":"https:\/\/api.w.org\/{rel}","templated":true}]}}