{"id":122310,"date":"2021-07-25T09:40:20","date_gmt":"2021-07-25T13:40:20","guid":{"rendered":"https:\/\/linitiative.ca\/International\/el-jadida-dragage-du-sable-pour-lassainissement-de-lembouchure-doued-oum-errabia\/"},"modified":"2021-07-25T09:40:20","modified_gmt":"2021-07-25T13:40:20","slug":"el-jadida-dragage-du-sable-pour-lassainissement-de-lembouchure-doued-oum-errabia","status":"publish","type":"post","link":"https:\/\/linitiative.ca\/International\/el-jadida-dragage-du-sable-pour-lassainissement-de-lembouchure-doued-oum-errabia\/","title":{"rendered":"El Jadida: Dragage du sable pour l\u2019assainissement de l\u2019embouchure d\u2019Oued Oum Errabi\u00e2"},"content":{"rendered":"<div>\n<p><img decoding=\"async\" width=\"300\" height=\"153\" src=\"https:\/\/linitiative.ca\/International\/wp-content\/uploads\/sites\/23\/2021\/07\/Jadida-assainissement-300x153-1.jpg\" class=\"attachment-medium size-medium wp-post-image\" alt=\"\" loading=\"lazy\" srcset=\"\/\/aujourdhui.ma\/wp-content\/uploads\/2021\/07\/Jadida-assainissement-300x153.jpg 300w, \/\/aujourdhui.ma\/wp-content\/uploads\/2021\/07\/Jadida-assainissement-274x140.jpg 274w, \/\/aujourdhui.ma\/wp-content\/uploads\/2021\/07\/Jadida-assainissement.jpg 746w, \/\/aujourdhui.ma\/wp-content\/uploads\/2021\/07\/Jadida-assainissement-165x84.jpg 165w, \/\/aujourdhui.ma\/wp-content\/uploads\/2021\/07\/Jadida-assainissement-702x358.jpg 702w\" sizes=\"auto, (max-width: 300px) 100vw, 300px\"><\/p>\n<p>Les autorit\u00e9s provinciales d\u2019El Jadida ont supervis\u00e9, en coordination avec les services des minist\u00e8res de l\u2019\u00e9quipement, du transport, de la logistique et de l\u2019eau, et de l\u2019agriculture, de la p\u00eache maritime, du d\u00e9veloppement rural et des eaux et for\u00eats, l\u2019op\u00e9ration de dragage du sable pour l\u2019assainissement de l\u2019embouchure d\u2019Oued Oum Errabi\u00e2.<\/p>\n<p>Cette op\u00e9ration s\u2019inscrit dans le cadre d\u2019une action commune entre la province, les services des deux minist\u00e8res et des associations, apr\u00e8s le blocage de l\u2019estuaire et l\u2019\u00e9chouage d\u2019un grand nombre de poissons sur les rives de l\u2019Oued.<\/p>\n<p>Le dragage de sable, l\u2019assainissement et l\u2019extension de l\u2019embouchure de l\u2019Oued ont eu lieu pour permettre le renouvellement de ses eaux et la pr\u00e9servation de ses ressources.<\/p>\n<p>Un responsable r\u00e9gional au minist\u00e8re de l\u2019\u00e9quipement, du transport, de la logistique et de l\u2019eau a indiqu\u00e9 que les services du minist\u00e8re ont charg\u00e9 deux entreprises sp\u00e9cialis\u00e9es pour mener l\u2019op\u00e9ration de dragage, dans l\u2019attente de r\u00e9aliser une \u00e9tude technique \u00e0 ce sujet.<\/p>\n<p>Il a ajout\u00e9, dans une d\u00e9claration \u00e0 la MAP, que le minist\u00e8re suit la situation de tr\u00e8s pr\u00e8s pour \u00e9viter le blocage \u00e0 nouveau de l\u2019estuaire et l\u2019\u00e9chouage de poissons.<br \/>\nDe son c\u00f4t\u00e9, l\u2019acteur associatif Abdelbaki el Halfi, a soulign\u00e9 que la hausse des temp\u00e9ratures et l\u2019\u00e9vacuation des eaux us\u00e9es dans l\u2019Oued sont \u00e0 l\u2019origine de facteurs directs de pollution et d\u2019\u00e9chouage de poissons.<\/p>\n<p>Apr\u00e8s avoir salu\u00e9 l\u2019initiative du minist\u00e8re de tutelle, en coordination avec les autorit\u00e9s provinciales, il a mis l\u2019accent sur la n\u00e9cessit\u00e9 de trouver des solutions durables \u00e0 ce probl\u00e8me \u00e9cologique, et de cr\u00e9er une station de traitement des eaux us\u00e9es \u00e9vacu\u00e9es depuis 40 ans dans l\u2019Oued qui contribuent \u00e0 sa pollution jour apr\u00e8s jour.<\/p>\n<\/div>\n<p>Auteur: ALM<br \/>\n<a href=\"https:\/\/aujourdhui.ma\/actualite\/el-jadida-dragage-du-sable-pour-lassainissement-de-lembouchure-doued-oum-errabia\">Cliquez ici pour lire l&rsquo;article depuis sa source.<\/a><\/p>\n","protected":false},"excerpt":{"rendered":"<p>Les autorit\u00e9s provinciales d\u2019El Jadida ont supervis\u00e9, en coordination avec les services des minist\u00e8res de l\u2019\u00e9quipement, du transport, de la logistique et de l\u2019eau, et de l\u2019agriculture, de la p\u00eache maritime, du d\u00e9veloppement rural et des eaux et for\u00eats, l\u2019op\u00e9ration de dragage du sable pour l\u2019assainissement de l\u2019embouchure d\u2019Oued Oum Errabi\u00e2. Cette op\u00e9ration s\u2019inscrit dans [&hellip;]<\/p>\n","protected":false},"author":1759,"featured_media":0,"comment_status":"closed","ping_status":"closed","sticky":false,"template":"","format":"standard","meta":{"fifu_image_url":"https:\/\/aujourdhui.ma\/wp-content\/uploads\/2021\/07\/Jadida-assainissement-300x153.jpg","fifu_image_alt":"El Jadida: Dragage du sable pour l\u2019assainissement de l\u2019embouchure d\u2019Oued Oum Errabi\u00e2","footnotes":""},"categories":[73,54],"tags":[],"class_list":["post-122310","post","type-post","status-publish","format-standard","hentry","category-actualite","category-maroc"],"_links":{"self":[{"href":"https:\/\/linitiative.ca\/International\/wp-json\/wp\/v2\/posts\/122310","targetHints":{"allow":["GET"]}}],"collection":[{"href":"https:\/\/linitiative.ca\/International\/wp-json\/wp\/v2\/posts"}],"about":[{"href":"https:\/\/linitiative.ca\/International\/wp-json\/wp\/v2\/types\/post"}],"author":[{"embeddable":true,"href":"https:\/\/linitiative.ca\/International\/wp-json\/wp\/v2\/users\/1759"}],"replies":[{"embeddable":true,"href":"https:\/\/linitiative.ca\/International\/wp-json\/wp\/v2\/comments?post=122310"}],"version-history":[{"count":0,"href":"https:\/\/linitiative.ca\/International\/wp-json\/wp\/v2\/posts\/122310\/revisions"}],"wp:attachment":[{"href":"https:\/\/linitiative.ca\/International\/wp-json\/wp\/v2\/media?parent=122310"}],"wp:term":[{"taxonomy":"category","embeddable":true,"href":"https:\/\/linitiative.ca\/International\/wp-json\/wp\/v2\/categories?post=122310"},{"taxonomy":"post_tag","embeddable":true,"href":"https:\/\/linitiative.ca\/International\/wp-json\/wp\/v2\/tags?post=122310"}],"curies":[{"name":"wp","href":"https:\/\/api.w.org\/{rel}","templated":true}]}}