{"id":122322,"date":"2021-07-25T09:02:32","date_gmt":"2021-07-25T13:02:32","guid":{"rendered":"https:\/\/linitiative.ca\/International\/lassemblee-generale-de-lonu-adopte-une-resolution-marocaine\/"},"modified":"2021-07-25T09:02:32","modified_gmt":"2021-07-25T13:02:32","slug":"lassemblee-generale-de-lonu-adopte-une-resolution-marocaine","status":"publish","type":"post","link":"https:\/\/linitiative.ca\/International\/lassemblee-generale-de-lonu-adopte-une-resolution-marocaine\/","title":{"rendered":"L\u2019Assembl\u00e9e G\u00e9n\u00e9rale de l\u2019ONU adopte une r\u00e9solution marocaine"},"content":{"rendered":"<div>\n<p class=\"has-text-align-center has-vivid-red-color has-text-color\"><strong>Proclamant une journ\u00e9e internationale contre le discours de haine<\/strong><\/p>\n<p class=\"has-cyan-bluish-gray-background-color has-text-color has-background\" style=\"color:#0632e5\"><strong>L\u2019Assembl\u00e9e G\u00e9n\u00e9rale de l\u2019ONU a adopt\u00e9, mercredi, \u00e0 l\u2019unanimit\u00e9 de ses 193 Etats membres, une r\u00e9solution pr\u00e9sent\u00e9e par le Maroc sur la lutte contre le discours de haine, qui proclame, pour la premi\u00e8re fois dans les annales des Nations-Unies, le 18 juin de chaque ann\u00e9e comme \u00abJourn\u00e9e internationale de la lutte contre le discours de haine\u00bb.<\/strong><\/p>\n<p>L\u2019adoption par consensus de cette r\u00e9solution historique et extr\u00eamement importante, intervient dans un contexte mondial marqu\u00e9 par l\u2019exacerbation et la multiplication du discours haine. Elle a \u00e9t\u00e9 coparrain\u00e9e par plus de 75 pays, \u00e9manant de tous les groupes r\u00e9gionaux et de divers background culturels et cultuels. Ce qui t\u00e9moigne du respect et de l\u2019estime du r\u00f4le du Royaume en tant que leader r\u00e9gional et mondial pour la promotion des valeurs de paix, de tol\u00e9rance et de dialogue interreligieux et interculturel, conform\u00e9ment aux Hautes Orientations et \u00e0 la Vision \u00e9clair\u00e9e et humaniste de Sa Majest\u00e9 le Roi Mohammed VI.<\/p>\n<p>Lors de la pr\u00e9sentation de cette r\u00e9solution devant l\u2019Assembl\u00e9e G\u00e9n\u00e9rale, l\u2019ambassadeur, Repr\u00e9sentant permanent du Maroc aupr\u00e8s des Nations-Unies, Omar Hilale, a soulign\u00e9 que l\u2019exacerbation des discours de haine va \u00e0 l\u2019encontre des valeurs de paix, de tol\u00e9rance, de cohabitation et de vivre ensemble, consacr\u00e9es par la Charte des Nations-Unies et le Pacte international des droits civils et politiques.<\/p>\n<p>Il a ajout\u00e9 que \u00ab\u00a0Sa Majest\u00e9 le Roi Mohammed VI, Commandeur des Croyants, a pris conscience, pr\u00e9cocement, des dangers pos\u00e9s par des discours haineux v\u00e9hicul\u00e9s par l\u2019extr\u00e9misme violent, l\u2019obscurantisme, le populisme, ainsi que le racisme de tous genre\u00a0\u00bb. Et de noter qu\u2019afin de faire face \u00e0 ces dangers, le Souverain n\u2019a cess\u00e9 de plaider en faveur d\u2019une vision solidaire du monde, et ce bien avant la crise du Covid-19. En effet, dans le Message Royal \u00e0 la deuxi\u00e8me Conf\u00e9rence internationale sur le dialogue des cultures et des religions, tenue \u00e0 F\u00e8s en 2018, Sa Majest\u00e9 le Roi a d\u00e9clar\u00e9 que : \u00ab\u00a0\u2018Le nouvel ordre de paix mondiale est celui que nous souhaitons mettre en place ensemble en le structurant autour des principes de coexistence, d\u2019acceptation de la pluralit\u00e9 et de l\u2019alt\u00e9rit\u00e9. C\u2019est \u00e0 cette condition qu\u2019il sera possible de continuer \u00e0 construire, \u00e0 \u00e9voluer, \u00e0 consolider s\u00e9curit\u00e9, croissance et prosp\u00e9rit\u00e9\u00a0\u00bb.<\/p>\n<p>L\u2019ambassadeur du Maroc a d\u00e9clar\u00e9 que l\u2019objectif de cette r\u00e9solution proc\u00e8de de cette vision humaniste des relations tant humaines qu\u2019inter\u00e9tatiques, bas\u00e9es sur la coexistence confessionnelle, l\u2019harmonie interculturelle et la consubstantialit\u00e9 civilisationnelle. Le principe fondateur de toutes ces valeurs universelles \u00e9tant l\u2019acceptation de l\u2019humain et de l\u2019autre dans sa diversit\u00e9 plurielle, a-t-il dit.<\/p>\n<p>Par ailleurs, M. Hilale a pr\u00e9cis\u00e9 que la r\u00e9solution r\u00e9affirme l\u2019arsenal doctrinaire onusien destin\u00e9 \u00e0 promouvoir le dialogue interreligieux et interculturel, notamment le \u2018\u00a0\u00bbPlan d\u2019action de Rabat sur l\u2019interdiction de l\u2019appel \u00e0 la haine nationale, raciale ou religieuse qui constitue une incitation \u00e0 la discrimination, \u00e0 l\u2019hostilit\u00e9 ou \u00e0 la violence\u2019\u00a0\u00bb, et le \u2018\u00a0\u00bbPlan d\u2019action de F\u00e8s sur le r\u00f4le des responsables et des acteurs religieux de pr\u00e9venir l\u2019incitation \u00e0 la violence pouvant conduire \u00e0 des atrocit\u00e9s criminelles\u2019\u00a0\u00bb.<\/p>\n<p>La r\u00e9solution marocaine d\u00e9cline trois actions concr\u00e8tes de l\u2019engagement multilat\u00e9ral, dont l\u2019ONU sera le catalyseur, afin de renforcer la lutte contre le discours de haine, le racisme et la discrimination, \u00e0 savoir :<br \/>\u2022 la proclamation du 18 juin de chaque ann\u00e9e en tant que \u00ab\u00a0Journ\u00e9e internationale de la lutte contre les discours de haine\u00a0\u00bb;<br \/>\u2022 la convocation d\u2019une r\u00e9union de haut niveau de l\u2019Assembl\u00e9e g\u00e9n\u00e9rale, le 18 juin 2022, pour comm\u00e9morer la premi\u00e8re Journ\u00e9e internationale de lutte contre les discours de haine;<br \/>\u2022 l\u2019appel adress\u00e9 aux Etats Membres \u00e0 appuyer des syst\u00e8mes transparents et accessibles afin de proc\u00e9der au rep\u00e9rage, au suivi, la collecte de donn\u00e9es et \u00e0 l\u2019analyse des tendances en mati\u00e8re de discours de haine, en vue de soutenir des r\u00e9ponses efficaces contre le discours de haine.<\/p>\n<p>Enfin, par cette r\u00e9solution, les Etats membres sont invit\u00e9s \u00e0 sensibiliser l\u2019opinion publique et \u00e0 promouvoir le dialogue interreligieux et interculturel, le respect de la diversit\u00e9 et l\u2019\u00e9limination de la discrimination fond\u00e9e sur la religion ou la conviction, en insistant sur l\u2019importance de l\u2019\u00e9ducation, de la culture, de la paix, de la tol\u00e9rance, de la compr\u00e9hension mutuelle et des droits de l\u2019Homme. Elle met un accent particulier sur l\u2019importance de la r\u00e9conciliation comme vecteur de paix et de d\u00e9veloppement durable, et sur le r\u00f4le central des leaders religieux pour lutter contre toutes les formes de violence et de haine.<\/p>\n<p>L\u2019article <a rel=\"nofollow\" href=\"http:\/\/albayane.press.ma\/lassemblee-generale-de-lonu-adopte-une-resolution-marocaine.html\">L\u2019Assembl\u00e9e G\u00e9n\u00e9rale de l\u2019ONU adopte une r\u00e9solution marocaine<\/a> est apparu en premier sur <a rel=\"nofollow\" href=\"http:\/\/albayane.press.ma\/\">ALBAYANE<\/a>.<\/p>\n<\/div>\n<p>Auteur: M&rsquo;hammed rahal<br \/>\n<a href=\"http:\/\/albayane.press.ma\/lassemblee-generale-de-lonu-adopte-une-resolution-marocaine.html\">Cliquez ici pour lire l&rsquo;article depuis sa source.<\/a><\/p>\n","protected":false},"excerpt":{"rendered":"<p>Proclamant une journ\u00e9e internationale contre le discours de haine L\u2019Assembl\u00e9e G\u00e9n\u00e9rale de l\u2019ONU a adopt\u00e9, mercredi, \u00e0 l\u2019unanimit\u00e9 de ses 193 Etats membres, une r\u00e9solution pr\u00e9sent\u00e9e par le Maroc sur la lutte contre le discours de haine, qui proclame, pour la premi\u00e8re fois dans les annales des Nations-Unies, le 18 juin de chaque ann\u00e9e comme [&hellip;]<\/p>\n","protected":false},"author":1760,"featured_media":0,"comment_status":"closed","ping_status":"closed","sticky":false,"template":"","format":"standard","meta":{"fifu_image_url":"","fifu_image_alt":"","footnotes":""},"categories":[73,54],"tags":[],"class_list":["post-122322","post","type-post","status-publish","format-standard","hentry","category-actualite","category-maroc"],"_links":{"self":[{"href":"https:\/\/linitiative.ca\/International\/wp-json\/wp\/v2\/posts\/122322","targetHints":{"allow":["GET"]}}],"collection":[{"href":"https:\/\/linitiative.ca\/International\/wp-json\/wp\/v2\/posts"}],"about":[{"href":"https:\/\/linitiative.ca\/International\/wp-json\/wp\/v2\/types\/post"}],"author":[{"embeddable":true,"href":"https:\/\/linitiative.ca\/International\/wp-json\/wp\/v2\/users\/1760"}],"replies":[{"embeddable":true,"href":"https:\/\/linitiative.ca\/International\/wp-json\/wp\/v2\/comments?post=122322"}],"version-history":[{"count":0,"href":"https:\/\/linitiative.ca\/International\/wp-json\/wp\/v2\/posts\/122322\/revisions"}],"wp:attachment":[{"href":"https:\/\/linitiative.ca\/International\/wp-json\/wp\/v2\/media?parent=122322"}],"wp:term":[{"taxonomy":"category","embeddable":true,"href":"https:\/\/linitiative.ca\/International\/wp-json\/wp\/v2\/categories?post=122322"},{"taxonomy":"post_tag","embeddable":true,"href":"https:\/\/linitiative.ca\/International\/wp-json\/wp\/v2\/tags?post=122322"}],"curies":[{"name":"wp","href":"https:\/\/api.w.org\/{rel}","templated":true}]}}