{"id":122323,"date":"2021-07-25T09:12:25","date_gmt":"2021-07-25T13:12:25","guid":{"rendered":"https:\/\/linitiative.ca\/International\/bayane-sa-valide-ses-comptes-et-renouvelle-sa-confiance-a-son-directoire-preside-par-mahtat-rakas\/"},"modified":"2021-07-25T09:12:25","modified_gmt":"2021-07-25T13:12:25","slug":"bayane-sa-valide-ses-comptes-et-renouvelle-sa-confiance-a-son-directoire-preside-par-mahtat-rakas","status":"publish","type":"post","link":"https:\/\/linitiative.ca\/International\/bayane-sa-valide-ses-comptes-et-renouvelle-sa-confiance-a-son-directoire-preside-par-mahtat-rakas\/","title":{"rendered":"Bayane SA valide ses comptes et renouvelle sa confiance \u00e0 son Directoire pr\u00e9sid\u00e9 par Mahtat Rakas"},"content":{"rendered":"<div>\n<p class=\"has-white-color has-pale-cyan-blue-background-color has-text-color has-background\"><strong>L\u2019entreprise de presse Bayane SA, \u00e9ditrice des journaux Bayane Al Youm et Al Bayane, a tenu son assembl\u00e9e g\u00e9n\u00e9rale et la r\u00e9union de son Conseil de surveillance, conform\u00e9ment aux exigences pr\u00e9vues par la loi.<\/strong><\/p>\n<p>Ces r\u00e9unions, pr\u00e9sid\u00e9es par le Pr\u00e9sident du Conseil de surveillance de l\u2019entreprise, Mohammed Nabil Benabdallah, ont examin\u00e9 et approuv\u00e9 les comptes de la soci\u00e9t\u00e9, le bilan annuel et l\u2019\u00e9valuation de la gestion g\u00e9n\u00e9rale.<\/p>\n<p>Les d\u00e9lib\u00e9rations ont \u00e9galement \u00e9t\u00e9 marqu\u00e9es par des discussions profondes et riches qui ont port\u00e9 sur la gestion, la r\u00e9alit\u00e9 du secteur de la presse et de l\u2019\u00e9dition, et l\u2019environnement \u00e9conomique et professionnel de cette entreprise de presse.<\/p>\n<p>Aussi, apr\u00e8s avoir \u00e9tudi\u00e9 les diff\u00e9rents points de l\u2019ordre du jour et pris les d\u00e9cisions s\u2019y rapportant, un nouveau conseil de surveillance de l\u2019entreprise a \u00e9t\u00e9 constitu\u00e9 en application des dispositions de la loi. Ce dernier a, \u00e0 son tour, renouvel\u00e9 sa confiance au directoire pour continuer \u00e0 g\u00e9rer la soci\u00e9t\u00e9 pour un nouveau mandat.<\/p>\n<p class=\"has-vivid-red-color has-text-color\"><strong>Le Directoire de Bayane SA est compos\u00e9 de :<\/strong><\/p>\n<ul class=\"has-vivid-cyan-blue-color has-text-color\">\n<li><strong>Mahtat Rakas, <\/strong>pr\u00e9sident, qui est en m\u00eame temps directeur de la publication des deux journaux \u00e9dit\u00e9s par la soci\u00e9t\u00e9<\/li>\n<\/ul>\n<ul class=\"has-vivid-cyan-blue-color has-text-color\">\n<li><strong>Mohamed Bouraoui,<\/strong> membre du Directoire et directeur administratif et financier.<\/li>\n<\/ul>\n<p>L\u2019article <a rel=\"nofollow\" href=\"http:\/\/albayane.press.ma\/bayane-sa-valide-ses-comptes-et-renouvelle-sa-confiance-a-son-directoire-preside-par-mahtat-rakas.html\">Bayane SA valide ses comptes et renouvelle sa confiance \u00e0 son Directoire pr\u00e9sid\u00e9 par Mahtat Rakas<\/a> est apparu en premier sur <a rel=\"nofollow\" href=\"http:\/\/albayane.press.ma\/\">ALBAYANE<\/a>.<\/p>\n<\/div>\n<p>Auteur: M&rsquo;hammed rahal<br \/>\n<a href=\"http:\/\/albayane.press.ma\/bayane-sa-valide-ses-comptes-et-renouvelle-sa-confiance-a-son-directoire-preside-par-mahtat-rakas.html\">Cliquez ici pour lire l&rsquo;article depuis sa source.<\/a><\/p>\n","protected":false},"excerpt":{"rendered":"<p>L\u2019entreprise de presse Bayane SA, \u00e9ditrice des journaux Bayane Al Youm et Al Bayane, a tenu son assembl\u00e9e g\u00e9n\u00e9rale et la r\u00e9union de son Conseil de surveillance, conform\u00e9ment aux exigences pr\u00e9vues par la loi. Ces r\u00e9unions, pr\u00e9sid\u00e9es par le Pr\u00e9sident du Conseil de surveillance de l\u2019entreprise, Mohammed Nabil Benabdallah, ont examin\u00e9 et approuv\u00e9 les comptes [&hellip;]<\/p>\n","protected":false},"author":1760,"featured_media":0,"comment_status":"closed","ping_status":"closed","sticky":false,"template":"","format":"standard","meta":{"fifu_image_url":"","fifu_image_alt":"","footnotes":""},"categories":[73,54],"tags":[],"class_list":["post-122323","post","type-post","status-publish","format-standard","hentry","category-actualite","category-maroc"],"_links":{"self":[{"href":"https:\/\/linitiative.ca\/International\/wp-json\/wp\/v2\/posts\/122323","targetHints":{"allow":["GET"]}}],"collection":[{"href":"https:\/\/linitiative.ca\/International\/wp-json\/wp\/v2\/posts"}],"about":[{"href":"https:\/\/linitiative.ca\/International\/wp-json\/wp\/v2\/types\/post"}],"author":[{"embeddable":true,"href":"https:\/\/linitiative.ca\/International\/wp-json\/wp\/v2\/users\/1760"}],"replies":[{"embeddable":true,"href":"https:\/\/linitiative.ca\/International\/wp-json\/wp\/v2\/comments?post=122323"}],"version-history":[{"count":0,"href":"https:\/\/linitiative.ca\/International\/wp-json\/wp\/v2\/posts\/122323\/revisions"}],"wp:attachment":[{"href":"https:\/\/linitiative.ca\/International\/wp-json\/wp\/v2\/media?parent=122323"}],"wp:term":[{"taxonomy":"category","embeddable":true,"href":"https:\/\/linitiative.ca\/International\/wp-json\/wp\/v2\/categories?post=122323"},{"taxonomy":"post_tag","embeddable":true,"href":"https:\/\/linitiative.ca\/International\/wp-json\/wp\/v2\/tags?post=122323"}],"curies":[{"name":"wp","href":"https:\/\/api.w.org\/{rel}","templated":true}]}}