{"id":122326,"date":"2021-07-25T09:46:24","date_gmt":"2021-07-25T13:46:24","guid":{"rendered":"https:\/\/linitiative.ca\/International\/region-tta-grace-a-une-economie-dynamique-le-nord-du-royaume-poursuit-son-essor\/"},"modified":"2021-07-25T09:46:24","modified_gmt":"2021-07-25T13:46:24","slug":"region-tta-grace-a-une-economie-dynamique-le-nord-du-royaume-poursuit-son-essor","status":"publish","type":"post","link":"https:\/\/linitiative.ca\/International\/region-tta-grace-a-une-economie-dynamique-le-nord-du-royaume-poursuit-son-essor\/","title":{"rendered":"R\u00e9gion TTA: gr\u00e2ce \u00e0 une \u00e9conomie dynamique, le nord du Royaume  poursuit son essor"},"content":{"rendered":"<div>\n<p class=\"has-vivid-cyan-blue-color has-text-color\"><strong>La r\u00e9gion Tanger-T\u00e9touan-Al Hoceima (TTA) a enregistr\u00e9 un essor \u00e9conomique important au fil des derni\u00e8res ann\u00e9es, port\u00e9 par la diversit\u00e9 des activit\u00e9s et la r\u00e9ussite de plusieurs projets structurants.<\/strong><\/p>\n<p>En d\u00e9pit des r\u00e9percussions de la crise sanitaire ayant mis \u00e0 rude \u00e9preuve l\u2019ensemble des activit\u00e9s \u00e9conomiques dans le Royaume, la r\u00e9gion a su montrer une r\u00e9silience notable, et entam\u00e9 une reprise \u00e9conomique progressive cette derni\u00e8re ann\u00e9e.<\/p>\n<p>En effet, la plateforme industrielle Tanger-Med, a \u00e9t\u00e9 class\u00e9e 2\u00e8me zone \u00e9conomique sp\u00e9ciale dans le monde par le FDI Intelligence du Financial Times, cons\u00e9cration qui vient renforcer davantage le positionnement comp\u00e9titif de cette plateforme dans la reconfiguration des cha\u00eenes d\u2019approvisionnement mondiales, en particulier dans l\u2019espace Euro-M\u00e9diterran\u00e9en.<\/p>\n<p>En outre, le chiffre d\u2019affaires (CA) r\u00e9alis\u00e9 par Tanger Med au 1er trimestre de 2021 a atteint 739 millions de dirhams (MDH), en hausse de 18% par rapport \u00e0 la m\u00eame p\u00e9riode en 2020, tandis qu\u2019une croissance a \u00e9t\u00e9 enregistr\u00e9e sur les principaux indicateurs de l\u2019activit\u00e9 portuaire, avec une hausse de 35% pour les conteneurs et +5% pour les camions TIR \u00e0 fin mars dernier en glissement annuel.<\/p>\n<p>Une \u00e9tude du Policy Center of the New South (PCNS) a \u00e9galement mis en avant la gestion \u00ab\u00a0tr\u00e8s efficace\u00a0\u00bb et \u201cprofessionnelle\u201d des six zones \u00e9conomiques sp\u00e9ciales (ZES) de Tanger par l\u2019Agence sp\u00e9ciale Tanger Med (TMSA), puisque ces zones, \u00e0 savoir Tanger Free Zone, Renault Melloussa Park, Tanger Automotive City, Zone franche commerciale de Fnideq, T\u00e9touan Park et T\u00e9touanshore, ont g\u00e9n\u00e9r\u00e9 des investissements et emplois significatifs et satisfont les besoins de leurs clients.<\/p>\n<p>C\u00f4t\u00e9 industrie, le Groupe Renault Maroc a r\u00e9cemment d\u00e9voil\u00e9 officiellement, ses deux nouveaux v\u00e9hicules de la marque Renault, Nouvel Express et Nouvel Express Van, produits \u00e0 l\u2019usine de Tanger.<\/p>\n<p>Ces deux v\u00e9hicules attestent de la comp\u00e9titivit\u00e9 de l\u2019usine de Tanger, de la confiance en la plateforme industrielle automobile marocaine et de la r\u00e9silience \u00e9conomique de la r\u00e9gion, d\u2019autant plus que le ministre de l\u2019Industrie, du commerce et de l\u2019\u00e9conomie verte et num\u00e9rique, Moulay Hafid Elalamy, avait indiqu\u00e9 que ce projet a \u00e9t\u00e9 d\u00e9velopp\u00e9 lors de la p\u00e9riode du confinement, gr\u00e2ce au soutien de SM le Roi Mohammed VI.<\/p>\n<p>Malgr\u00e9 la situation exceptionnelle marqu\u00e9e par la pand\u00e9mie de la Covid-19, l\u2019usine Renault de Tanger a pu r\u00e9ussir, gr\u00e2ce au soutien du Souverain, un nouveau projet ayant n\u00e9cessit\u00e9 l\u2019int\u00e9gration de processus technologiques intelligents, et qui s\u2019inscrit parfaitement dans le cadre des objectifs du Plan d\u2019acc\u00e9l\u00e9ration industrielle (PAI), visant la mont\u00e9e en gamme et en comp\u00e9tences du secteur automobile marocain.<\/p>\n<p>Sur le volet de l\u2019agriculture, la r\u00e9gion dispose de tous les facteurs de production qui permettent aux agriculteurs de travailler dans des fili\u00e8res agricoles \u00e0 haute valeur ajout\u00e9e, y compris la plantation d\u2019avocatier, qui a connu une croissance significative dans le cadre de la strat\u00e9gie \u00ab\u00a0G\u00e9n\u00e9ration Green\u00a0\u00bb.<\/p>\n<p>Le directeur r\u00e9gional de l\u2019Agriculture de TTA, Mahjoub Lahrach, avait relev\u00e9 qu\u2019au niveau de la fili\u00e8re des fruits rouges, le but est de parvenir \u00e0 cultiver une superficie de 6.000 hectares d\u2019ici 2030, affirmant qu\u2019il s\u2019agit d\u2019une fili\u00e8re prometteuse qui permet au Maroc d\u2019exporter vers 40 pays avec une production d\u00e9passant 200.000 tonnes et un chiffre d\u2019affaire avoisinant les 6 milliards de dirhams, contribuant ainsi \u00e0 la cr\u00e9ation d\u2019un nombre important d\u2019emplois au niveau de la r\u00e9gion.<\/p>\n<p>Par ailleurs, le projet maroco-chinois de la Cit\u00e9 Mohammed VI Tanger Tech, en cours de r\u00e9alisation, viendra renforcer la dynamique \u00e9conomique de la r\u00e9gion et r\u00e9pondre notamment aux aspirations des habitants en mati\u00e8re de d\u00e9veloppement \u00e9conomique et social, et de cr\u00e9ation d\u2019emplois dans diff\u00e9rents m\u00e9tiers.<\/p>\n<p>L\u2019ensemble des potentialit\u00e9s dont jouit la r\u00e9gion Tanger-T\u00e9touan-Al Hoceima, auxquelles s\u2019ajoutent la flexibilit\u00e9 et la r\u00e9silience dont ont fait preuve plusieurs secteurs productifs lors de la crise, permettront sans nul doute \u00e0 la r\u00e9gion d\u2019atteindre son ambition de croissance p\u00e9renne.<\/p>\n<p>L\u2019article <a rel=\"nofollow\" href=\"http:\/\/albayane.press.ma\/region-tta-grace-a-une-economie-dynamique-le-nord-du-royaume-poursuit-son-essor.html\">R\u00e9gion TTA: gr\u00e2ce \u00e0 une \u00e9conomie dynamique, le nord du Royaume  poursuit son essor<\/a> est apparu en premier sur <a rel=\"nofollow\" href=\"http:\/\/albayane.press.ma\/\">ALBAYANE<\/a>.<\/p>\n<\/div>\n<p>Auteur: M&rsquo;hammed rahal<br \/>\n<a href=\"http:\/\/albayane.press.ma\/region-tta-grace-a-une-economie-dynamique-le-nord-du-royaume-poursuit-son-essor.html\">Cliquez ici pour lire l&rsquo;article depuis sa source.<\/a><\/p>\n","protected":false},"excerpt":{"rendered":"<p>La r\u00e9gion Tanger-T\u00e9touan-Al Hoceima (TTA) a enregistr\u00e9 un essor \u00e9conomique important au fil des derni\u00e8res ann\u00e9es, port\u00e9 par la diversit\u00e9 des activit\u00e9s et la r\u00e9ussite de plusieurs projets structurants. En d\u00e9pit des r\u00e9percussions de la crise sanitaire ayant mis \u00e0 rude \u00e9preuve l\u2019ensemble des activit\u00e9s \u00e9conomiques dans le Royaume, la r\u00e9gion a su montrer une [&hellip;]<\/p>\n","protected":false},"author":1760,"featured_media":0,"comment_status":"closed","ping_status":"closed","sticky":false,"template":"","format":"standard","meta":{"fifu_image_url":"","fifu_image_alt":"","footnotes":""},"categories":[73,54],"tags":[],"class_list":["post-122326","post","type-post","status-publish","format-standard","hentry","category-actualite","category-maroc"],"_links":{"self":[{"href":"https:\/\/linitiative.ca\/International\/wp-json\/wp\/v2\/posts\/122326","targetHints":{"allow":["GET"]}}],"collection":[{"href":"https:\/\/linitiative.ca\/International\/wp-json\/wp\/v2\/posts"}],"about":[{"href":"https:\/\/linitiative.ca\/International\/wp-json\/wp\/v2\/types\/post"}],"author":[{"embeddable":true,"href":"https:\/\/linitiative.ca\/International\/wp-json\/wp\/v2\/users\/1760"}],"replies":[{"embeddable":true,"href":"https:\/\/linitiative.ca\/International\/wp-json\/wp\/v2\/comments?post=122326"}],"version-history":[{"count":0,"href":"https:\/\/linitiative.ca\/International\/wp-json\/wp\/v2\/posts\/122326\/revisions"}],"wp:attachment":[{"href":"https:\/\/linitiative.ca\/International\/wp-json\/wp\/v2\/media?parent=122326"}],"wp:term":[{"taxonomy":"category","embeddable":true,"href":"https:\/\/linitiative.ca\/International\/wp-json\/wp\/v2\/categories?post=122326"},{"taxonomy":"post_tag","embeddable":true,"href":"https:\/\/linitiative.ca\/International\/wp-json\/wp\/v2\/tags?post=122326"}],"curies":[{"name":"wp","href":"https:\/\/api.w.org\/{rel}","templated":true}]}}