{"id":122327,"date":"2021-07-25T10:29:00","date_gmt":"2021-07-25T14:29:00","guid":{"rendered":"https:\/\/linitiative.ca\/International\/la-reaction-dalger\/"},"modified":"2021-07-25T10:29:00","modified_gmt":"2021-07-25T14:29:00","slug":"la-reaction-dalger","status":"publish","type":"post","link":"https:\/\/linitiative.ca\/International\/la-reaction-dalger\/","title":{"rendered":"La r\u00e9action d\u2019Alger"},"content":{"rendered":"<div>La r\u00e9cente d\u00e9cision du Pr\u00e9sident de la Commission de l&rsquo;Union Africaine (UA), d&rsquo;accueillir l&rsquo;entit\u00e9 sioniste comme membre observateur n\u2019a ni la vocation, ni la capacit\u00e9 de l\u00e9gitimer des  pratiques et comportements dudit nouvel observateur&#8230;<\/div>\n<p>Auteur:<br \/>\n<a href=\"https:\/\/www.liberte-algerie.com\/actualite\/la-reaction-dalger-362371\">Cliquez ici pour lire l&rsquo;article depuis sa source.<\/a><\/p>\n","protected":false},"excerpt":{"rendered":"<p>La r\u00e9cente d\u00e9cision du Pr\u00e9sident de la Commission de l&rsquo;Union Africaine (UA), d&rsquo;accueillir l&rsquo;entit\u00e9 sioniste comme membre observateur n\u2019a ni la vocation, ni la capacit\u00e9 de l\u00e9gitimer des pratiques et comportements dudit nouvel observateur&#8230; Auteur: Cliquez ici pour lire l&rsquo;article depuis sa source.<\/p>\n","protected":false},"author":1742,"featured_media":0,"comment_status":"closed","ping_status":"closed","sticky":false,"template":"","format":"standard","meta":{"fifu_image_url":"","fifu_image_alt":"","footnotes":""},"categories":[73,53],"tags":[],"class_list":["post-122327","post","type-post","status-publish","format-standard","hentry","category-actualite","category-algerie"],"_links":{"self":[{"href":"https:\/\/linitiative.ca\/International\/wp-json\/wp\/v2\/posts\/122327","targetHints":{"allow":["GET"]}}],"collection":[{"href":"https:\/\/linitiative.ca\/International\/wp-json\/wp\/v2\/posts"}],"about":[{"href":"https:\/\/linitiative.ca\/International\/wp-json\/wp\/v2\/types\/post"}],"author":[{"embeddable":true,"href":"https:\/\/linitiative.ca\/International\/wp-json\/wp\/v2\/users\/1742"}],"replies":[{"embeddable":true,"href":"https:\/\/linitiative.ca\/International\/wp-json\/wp\/v2\/comments?post=122327"}],"version-history":[{"count":0,"href":"https:\/\/linitiative.ca\/International\/wp-json\/wp\/v2\/posts\/122327\/revisions"}],"wp:attachment":[{"href":"https:\/\/linitiative.ca\/International\/wp-json\/wp\/v2\/media?parent=122327"}],"wp:term":[{"taxonomy":"category","embeddable":true,"href":"https:\/\/linitiative.ca\/International\/wp-json\/wp\/v2\/categories?post=122327"},{"taxonomy":"post_tag","embeddable":true,"href":"https:\/\/linitiative.ca\/International\/wp-json\/wp\/v2\/tags?post=122327"}],"curies":[{"name":"wp","href":"https:\/\/api.w.org\/{rel}","templated":true}]}}