{"id":122328,"date":"2021-07-25T12:42:00","date_gmt":"2021-07-25T16:42:00","guid":{"rendered":"https:\/\/linitiative.ca\/International\/le-variant-delta-depassera-le-taux-de-90-des-variants-circulant-en-algerie\/"},"modified":"2021-07-25T12:42:00","modified_gmt":"2021-07-25T16:42:00","slug":"le-variant-delta-depassera-le-taux-de-90-des-variants-circulant-en-algerie","status":"publish","type":"post","link":"https:\/\/linitiative.ca\/International\/le-variant-delta-depassera-le-taux-de-90-des-variants-circulant-en-algerie\/","title":{"rendered":"Le Variant Delta d\u00e9passera le taux de 90 % des variants circulant en Alg\u00e9rie"},"content":{"rendered":"<div>L\u2019Institut Pasteur d\u2019Alg\u00e9rie, qui a enregistr\u00e9, \u00e0 partir de la 1\u00e8re semaine de juillet, une acc\u00e9l\u00e9ration de l\u2019activit\u00e9 du variant Delta, a fait savoir, ce dimanche, qu\u2019 \u00abau  15 juillet, le variant Delta a supplant\u00e9 tous les autres variants&#8230;<\/div>\n<p>Auteur:<br \/>\n<a href=\"https:\/\/www.liberte-algerie.com\/actualite\/le-variant-delta-depassera-le-taux-de-90-des-variants-circulant-en-algerie-362372\">Cliquez ici pour lire l&rsquo;article depuis sa source.<\/a><\/p>\n","protected":false},"excerpt":{"rendered":"<p>L\u2019Institut Pasteur d\u2019Alg\u00e9rie, qui a enregistr\u00e9, \u00e0 partir de la 1\u00e8re semaine de juillet, une acc\u00e9l\u00e9ration de l\u2019activit\u00e9 du variant Delta, a fait savoir, ce dimanche, qu\u2019 \u00abau 15 juillet, le variant Delta a supplant\u00e9 tous les autres variants&#8230; Auteur: Cliquez ici pour lire l&rsquo;article depuis sa source.<\/p>\n","protected":false},"author":1742,"featured_media":0,"comment_status":"closed","ping_status":"closed","sticky":false,"template":"","format":"standard","meta":{"fifu_image_url":"","fifu_image_alt":"","footnotes":""},"categories":[73,53],"tags":[],"class_list":["post-122328","post","type-post","status-publish","format-standard","hentry","category-actualite","category-algerie"],"_links":{"self":[{"href":"https:\/\/linitiative.ca\/International\/wp-json\/wp\/v2\/posts\/122328","targetHints":{"allow":["GET"]}}],"collection":[{"href":"https:\/\/linitiative.ca\/International\/wp-json\/wp\/v2\/posts"}],"about":[{"href":"https:\/\/linitiative.ca\/International\/wp-json\/wp\/v2\/types\/post"}],"author":[{"embeddable":true,"href":"https:\/\/linitiative.ca\/International\/wp-json\/wp\/v2\/users\/1742"}],"replies":[{"embeddable":true,"href":"https:\/\/linitiative.ca\/International\/wp-json\/wp\/v2\/comments?post=122328"}],"version-history":[{"count":0,"href":"https:\/\/linitiative.ca\/International\/wp-json\/wp\/v2\/posts\/122328\/revisions"}],"wp:attachment":[{"href":"https:\/\/linitiative.ca\/International\/wp-json\/wp\/v2\/media?parent=122328"}],"wp:term":[{"taxonomy":"category","embeddable":true,"href":"https:\/\/linitiative.ca\/International\/wp-json\/wp\/v2\/categories?post=122328"},{"taxonomy":"post_tag","embeddable":true,"href":"https:\/\/linitiative.ca\/International\/wp-json\/wp\/v2\/tags?post=122328"}],"curies":[{"name":"wp","href":"https:\/\/api.w.org\/{rel}","templated":true}]}}